{"id":46748,"date":"2026-03-12T10:14:35","date_gmt":"2026-03-12T09:14:35","guid":{"rendered":"https:\/\/www.ekonomiforetag.se\/?p=46748"},"modified":"2026-03-12T10:14:36","modified_gmt":"2026-03-12T09:14:36","slug":"2026-ar-aret-da-ekonomi-blir-en-konkurrensfordel-och-jag-marker-det-varje-dag","status":"publish","type":"post","link":"https:\/\/www.ekonomiforetag.se\/sv\/2026\/03\/12\/2026-ar-aret-da-ekonomi-blir-en-konkurrensfordel-och-jag-marker-det-varje-dag\/","title":{"rendered":"2026 \u00e4r \u00e5ret d\u00e5 ekonomi blir en konkurrensf\u00f6rdel och jag m\u00e4rker det varje dag"},"content":{"rendered":"\t\t<div data-elementor-type=\"wp-post\" data-elementor-id=\"46748\" class=\"elementor elementor-46748\" data-elementor-post-type=\"post\">\n\t\t\t\t\t\t<section class=\"elementor-section elementor-top-section elementor-element elementor-element-383e85f8 elementor-section-boxed elementor-section-height-default elementor-section-height-default\" data-id=\"383e85f8\" data-element_type=\"section\" data-settings=\"{&quot;background_background&quot;:&quot;classic&quot;}\">\n\t\t\t\t\t\t\t<div class=\"elementor-background-overlay\"><\/div>\n\t\t\t\t\t\t\t<div class=\"elementor-container elementor-column-gap-default\">\n\t\t\t\t\t<div class=\"elementor-column elementor-col-50 elementor-top-column elementor-element elementor-element-8b4ddf6\" data-id=\"8b4ddf6\" data-element_type=\"column\" data-settings=\"{&quot;background_background&quot;:&quot;classic&quot;}\">\n\t\t\t<div class=\"elementor-widget-wrap elementor-element-populated\">\n\t\t\t\t\t\t<div class=\"elementor-element elementor-element-1297d02 elementor-widget elementor-widget-image\" data-id=\"1297d02\" data-element_type=\"widget\" data-widget_type=\"image.default\">\n\t\t\t\t<div class=\"elementor-widget-container\">\n\t\t\t\t\t\t\t\t\t\t\t\t\t\t\t<img fetchpriority=\"high\" decoding=\"async\" width=\"800\" height=\"450\" src=\"https:\/\/easyfairsassets.com\/sites\/120\/2026\/02\/Helena-Ljung-AB-blogg-1024x576.jpg\" class=\"attachment-large size-large wp-image-46753\" alt=\"Helena Ljung Advisory Board-medlem 2026\" srcset=\"https:\/\/easyfairsassets.com\/sites\/120\/2026\/02\/Helena-Ljung-AB-blogg-1024x576.jpg 1024w, https:\/\/easyfairsassets.com\/sites\/120\/2026\/02\/Helena-Ljung-AB-blogg-300x169.jpg 300w, https:\/\/easyfairsassets.com\/sites\/120\/2026\/02\/Helena-Ljung-AB-blogg-768x432.jpg 768w, https:\/\/easyfairsassets.com\/sites\/120\/2026\/02\/Helena-Ljung-AB-blogg-1536x864.jpg 1536w, https:\/\/easyfairsassets.com\/sites\/120\/2026\/02\/Helena-Ljung-AB-blogg.jpg 1920w\" sizes=\"(max-width: 800px) 100vw, 800px\" \/>\t\t\t\t\t\t\t\t\t\t\t\t\t\t\t<\/div>\n\t\t\t\t<\/div>\n\t\t\t\t<div class=\"elementor-section elementor-inner-section elementor-element elementor-element-b6f9ae4 elementor-section-boxed elementor-section-height-default elementor-section-height-default\" data-id=\"b6f9ae4\" data-element_type=\"section\">\n\t\t\t\t\t\t<div class=\"elementor-container elementor-column-gap-default\">\n\t\t\t\t\t<div class=\"elementor-column elementor-col-100 elementor-inner-column elementor-element elementor-element-465791d\" data-id=\"465791d\" data-element_type=\"column\" data-settings=\"{&quot;background_background&quot;:&quot;classic&quot;}\">\n\t\t\t<div class=\"elementor-widget-wrap elementor-element-populated\">\n\t\t\t\t\t<div class=\"elementor-background-overlay\"><\/div>\n\t\t\t\t\t\t<div class=\"elementor-element elementor-element-7c675bb elementor-widget elementor-widget-text-editor\" data-id=\"7c675bb\" data-element_type=\"widget\" data-widget_type=\"text-editor.default\">\n\t\t\t\t<div class=\"elementor-widget-container\">\n\t\t\t\t\t\t\t\t\t<p><strong>Under v\u00e5ren presenterar vi medlemmarna i v\u00e5r Advisory Board f\u00f6r 2026. <\/strong><strong>Det g\u00f6r vi genom att de f\u00e5tt skriva inl\u00e4gg h\u00e4r p\u00e5 bloggen om en spaning eller nyhet i branschen.<\/strong><\/p>\t\t\t\t\t\t\t\t<\/div>\n\t\t\t\t<\/div>\n\t\t\t\t\t<\/div>\n\t\t<\/div>\n\t\t\t\t\t<\/div>\n\t\t<\/div>\n\t\t\t\t<div class=\"elementor-element elementor-element-94e1734 elementor-widget elementor-widget-heading\" data-id=\"94e1734\" data-element_type=\"widget\" data-widget_type=\"heading.default\">\n\t\t\t\t<div class=\"elementor-widget-container\">\n\t\t\t\t\t<h1 class=\"elementor-heading-title elementor-size-default\">2026 \u00e4r \u00e5ret d\u00e5 ekonomi blir en konkurrensf\u00f6rdel och jag m\u00e4rker det varje dag<\/h1>\t\t\t\t<\/div>\n\t\t\t\t<\/div>\n\t\t\t\t<div class=\"elementor-element elementor-element-119cde37 elementor-widget elementor-widget-text-editor\" data-id=\"119cde37\" data-element_type=\"widget\" data-widget_type=\"text-editor.default\">\n\t\t\t\t<div class=\"elementor-widget-container\">\n\t\t\t\t\t\t\t\t\t<p>I mitt dagliga arbete pratar jag med f\u00f6retag i m\u00e5nga olika branscher. Stora bolag, mindre bolag, industri, handel, tj\u00e4nstesektorn men oavsett sammanhang \u00e5terkommer samma k\u00e4nsla i samtalen just nu:<\/p><p><em><strong>2026 kommer kr\u00e4va mer av oss.<\/strong><\/em><\/p><p>Det \u00e4r som att n\u00e5got har skiftat. Tidigare handlade diskussionerna mest om tillv\u00e4xt, expansion och nya aff\u00e4rer. Nu handlar de minst lika mycket om stabilitet. Om kontroll. Om att kunna st\u00e5 stadigt n\u00e4r omv\u00e4rlden r\u00f6r sig snabbt. Och jag tror att 2026 kommer bli \u00e5ret d\u00e5 ekonomi inte l\u00e4ngre bara \u00e4r en st\u00f6dfunktion i bolaget utan en avg\u00f6rande strategisk konkurrensf\u00f6rdel. H\u00e4r \u00e4r n\u00e5gra tydliga trender jag ser inf\u00f6r 2026.<\/p><p><strong>Kassafl\u00f6de \u00e4r inte l\u00e4ngre n\u00e5got man \u201choppas\u201d p\u00e5 &#8211; det \u00e4r \u00f6verlevnad<\/strong><br \/>En sak jag h\u00f6r ofta \u00e4r hur snabbt l\u00e4get kan f\u00f6r\u00e4ndras n\u00e4r betalningar drar ut p\u00e5 tiden.<\/p><p>\u201cVi s\u00e4ljer bra, men pengarna kommer in f\u00f6r sent.\u201d<\/p><p>Och det r\u00e4cker. N\u00e5gra sena fakturor kan skapa stress i hela organisationen. Kassafl\u00f6de \u00e4r inte l\u00e4ngre bara en fr\u00e5ga f\u00f6r ekonomiavdelningen det \u00e4r en ledningsfr\u00e5ga. F\u00f6retag som har struktur och kontroll h\u00e4r f\u00e5r ett helt annat handlingsutrymme. De kan agera ist\u00e4llet f\u00f6r att reagera.<\/p><p><strong>Riskhantering m\u00e5ste bli proaktiv , reaktivt r\u00e4cker inte l\u00e4ngre<\/strong><br \/>M\u00e5nga f\u00f6retag jag m\u00f6ter vill inte l\u00e4ngre bli tagna p\u00e5 s\u00e4ngen. Kreditf\u00f6rluster, os\u00e4kra kundportf\u00f6ljer och \u00f6kade konkurser g\u00f6r att fler inser vikten av att kunna se risker innan de blir problem. 2026 kommer vara \u00e5ret d\u00e5 datadrivna beslut blir en hygienfaktor, inte en bonus. Det handlar om att fatta smartare beslut, snabbare. Att ligga steget f\u00f6re ist\u00e4llet f\u00f6r att jaga ikapp.<\/p><p><strong>Kundupplevelsen slutar inte vid k\u00f6pet<\/strong><br \/>Det h\u00e4r tycker jag \u00e4r en av de mest underskattade trenderna. F\u00f6r kundresan slutar inte n\u00e4r avtalet \u00e4r signerat eller produkten levererad. Den forts\u00e4tter i betalningsprocessen.<\/p><p>Kunder f\u00f6rv\u00e4ntar sig smidiga digitala l\u00f6sningar, tydlig kommunikation och ett respektfullt bem\u00f6tande \u00e4ven n\u00e4r betalningen dr\u00f6jer. F\u00f6retag som lyckas kombinera struktur med empati bygger starkare relationer, \u00e4ven i tuffare situationer.<\/p><p><strong>H\u00e5llbarhet handlar ocks\u00e5 om ekonomiskt ansvar<\/strong><br \/>Vi pratar ofta om h\u00e5llbarhet kopplat till klimat. Men i samtal med f\u00f6retag m\u00e4rker jag att fler ocks\u00e5 b\u00f6rjar se h\u00e5llbarhet i finansiella processer. Hur man arbetar med betalningar, skulder och ekonomisk stabilitet \u00e4r en del av ett st\u00f6rre ansvar b\u00e5de mot kunder och samh\u00e4llet. Att hantera ekonomi ansvarsfullt \u00e4r ocks\u00e5 en del av ett modernt f\u00f6retagande.<\/p><p><strong>Min reflektion inf\u00f6r 2026<\/strong><br \/>Det jag tar med mig fr\u00e5n alla samtal \u00e4r enkelt:<\/p><p>Framtiden kommer inte bel\u00f6na de f\u00f6retag som g\u00f6r som de alltid gjort. 2026 kommer bel\u00f6na de som bygger stabilitet, v\u00e5gar t\u00e4nka nytt och skapar ekonomiska processer som st\u00e4rker aff\u00e4ren inte bara skyddar den.<\/p><p>Fr\u00e5gan \u00e4r inte om f\u00f6r\u00e4ndringen kommer. Fr\u00e5gan \u00e4r:<br \/><strong><em>Vill vi bara ta oss igenom framtiden eller vill vi leda i den?<\/em><\/strong><\/p><p>Helena Ljung<br \/>Intrum<\/p>\t\t\t\t\t\t\t\t<\/div>\n\t\t\t\t<\/div>\n\t\t\t\t\t<\/div>\n\t\t<\/div>\n\t\t\t\t<div class=\"elementor-column elementor-col-50 elementor-top-column elementor-element elementor-element-59febf6d\" data-id=\"59febf6d\" data-element_type=\"column\">\n\t\t\t<div class=\"elementor-widget-wrap elementor-element-populated\">\n\t\t\t\t\t\t<div class=\"elementor-element elementor-element-236a382d elementor-widget elementor-widget-heading\" data-id=\"236a382d\" data-element_type=\"widget\" data-widget_type=\"heading.default\">\n\t\t\t\t<div class=\"elementor-widget-container\">\n\t\t\t\t\t<h3 class=\"elementor-heading-title elementor-size-default\">Dela i sociala medier:<\/h3>\t\t\t\t<\/div>\n\t\t\t\t<\/div>\n\t\t\t\t<div class=\"elementor-element elementor-element-2d85c026 elementor-share-buttons--view-icon elementor-share-buttons--shape-circle elementor-share-buttons--skin-gradient elementor-grid-0 elementor-share-buttons--color-official elementor-widget elementor-widget-share-buttons\" data-id=\"2d85c026\" data-element_type=\"widget\" data-widget_type=\"share-buttons.default\">\n\t\t\t\t<div class=\"elementor-widget-container\">\n\t\t\t\t\t\t\t<div class=\"elementor-grid\" role=\"list\">\n\t\t\t\t\t\t\t\t<div class=\"elementor-grid-item\" role=\"listitem\">\n\t\t\t\t\t\t<div class=\"elementor-share-btn elementor-share-btn_facebook\" role=\"button\" tabindex=\"0\" aria-label=\"Share on facebook\">\n\t\t\t\t\t\t\t\t\t\t\t\t\t\t\t<span class=\"elementor-share-btn__icon\">\n\t\t\t\t\t\t\t\t<i class=\"fab fa-facebook\" aria-hidden=\"true\"><\/i>\t\t\t\t\t\t\t<\/span>\n\t\t\t\t\t\t\t\t\t\t\t\t\t\t\t\t\t\t\t\t<\/div>\n\t\t\t\t\t<\/div>\n\t\t\t\t\t\t\t\t\t<div class=\"elementor-grid-item\" role=\"listitem\">\n\t\t\t\t\t\t<div class=\"elementor-share-btn elementor-share-btn_twitter\" role=\"button\" tabindex=\"0\" aria-label=\"Share on twitter\">\n\t\t\t\t\t\t\t\t\t\t\t\t\t\t\t<span class=\"elementor-share-btn__icon\">\n\t\t\t\t\t\t\t\t<i class=\"fab fa-twitter\" aria-hidden=\"true\"><\/i>\t\t\t\t\t\t\t<\/span>\n\t\t\t\t\t\t\t\t\t\t\t\t\t\t\t\t\t\t\t\t<\/div>\n\t\t\t\t\t<\/div>\n\t\t\t\t\t\t\t\t\t<div class=\"elementor-grid-item\" role=\"listitem\">\n\t\t\t\t\t\t<div class=\"elementor-share-btn elementor-share-btn_linkedin\" role=\"button\" tabindex=\"0\" aria-label=\"Share on linkedin\">\n\t\t\t\t\t\t\t\t\t\t\t\t\t\t\t<span class=\"elementor-share-btn__icon\">\n\t\t\t\t\t\t\t\t<i class=\"fab fa-linkedin\" aria-hidden=\"true\"><\/i>\t\t\t\t\t\t\t<\/span>\n\t\t\t\t\t\t\t\t\t\t\t\t\t\t\t\t\t\t\t\t<\/div>\n\t\t\t\t\t<\/div>\n\t\t\t\t\t\t<\/div>\n\t\t\t\t\t\t<\/div>\n\t\t\t\t<\/div>\n\t\t\t\t<div class=\"elementor-element elementor-element-7b2e9bf1 elementor-widget elementor-widget-heading\" data-id=\"7b2e9bf1\" data-element_type=\"widget\" data-widget_type=\"heading.default\">\n\t\t\t\t<div class=\"elementor-widget-container\">\n\t\t\t\t\t<h3 class=\"elementor-heading-title elementor-size-default\">Andra inl\u00e4gg <\/br>som kan passa dig:<\/h3>\t\t\t\t<\/div>\n\t\t\t\t<\/div>\n\t\t\t\t<div class=\"elementor-element elementor-element-41540eb8 elementor-grid-1 elementor-grid-tablet-1 elementor-grid-mobile-1 elementor-posts--thumbnail-header elementor-card-shadow-yes elementor-posts__hover-gradient elementor-widget elementor-widget-posts\" data-id=\"41540eb8\" data-element_type=\"widget\" data-settings=\"{&quot;cards_wex_columns&quot;:&quot;1&quot;,&quot;cards_wex_columns_tablet&quot;:&quot;1&quot;,&quot;cards_wex_columns_mobile&quot;:&quot;1&quot;,&quot;cards_wex_row_gap&quot;:{&quot;unit&quot;:&quot;px&quot;,&quot;size&quot;:35,&quot;sizes&quot;:[]},&quot;cards_wex_row_gap_tablet&quot;:{&quot;unit&quot;:&quot;px&quot;,&quot;size&quot;:&quot;&quot;,&quot;sizes&quot;:[]},&quot;cards_wex_row_gap_mobile&quot;:{&quot;unit&quot;:&quot;px&quot;,&quot;size&quot;:&quot;&quot;,&quot;sizes&quot;:[]}}\" data-widget_type=\"posts.cards_wex\">\n\t\t\t\t<div class=\"elementor-widget-container\">\n\t\t\t\t\t\t\t<div class=\"elementor-posts-container elementor-posts elementor-posts--skin-cards elementor-grid\" role=\"list\">\n\t\t\t\t<article class=\"elementor-post elementor-grid-item post-46852 post type-post status-publish format-standard has-post-thumbnail hentry category-foretagande category-tips\" role=\"listitem\">\n\t\t\t<div class=\"elementor-post__card\">\n\t\t        <a class=\"elementor-post__thumbnail__link\" href=\"https:\/\/www.ekonomiforetag.se\/sv\/2026\/03\/15\/elementor-46852\/\">\n            <div class=\"elementor-post__thumbnail\"><img decoding=\"async\" width=\"1920\" height=\"1080\" src=\"https:\/\/easyfairsassets.com\/sites\/120\/2026\/03\/Philip-Otter.png\" class=\"attachment-full size-full wp-image-46859\" alt=\"Philip Otter\" srcset=\"https:\/\/easyfairsassets.com\/sites\/120\/2026\/03\/Philip-Otter.png 1920w, https:\/\/easyfairsassets.com\/sites\/120\/2026\/03\/Philip-Otter-300x169.png 300w, https:\/\/easyfairsassets.com\/sites\/120\/2026\/03\/Philip-Otter-1024x576.png 1024w, https:\/\/easyfairsassets.com\/sites\/120\/2026\/03\/Philip-Otter-768x432.png 768w, https:\/\/easyfairsassets.com\/sites\/120\/2026\/03\/Philip-Otter-1536x864.png 1536w\" sizes=\"(max-width: 1920px) 100vw, 1920px\" \/><\/div>\n        <\/a>\n        \t\t<div class=\"elementor-post__text\">\n\t\t\t\t<h3 class=\"elementor-post__title\">\n\t\t\t<a href=\"https:\/\/www.ekonomiforetag.se\/sv\/2026\/03\/15\/elementor-46852\/\" >\n\t\t\t\tD\u00e4rf\u00f6r \u00e4r digital f\u00f6rs\u00e4ljning avg\u00f6rande f\u00f6r att st\u00e4nga fler aff\u00e4rer\t\t\t<\/a>\n\t\t<\/h3>\n\t\t        <a href=\"https:\/\/www.ekonomiforetag.se\/sv\/2026\/03\/15\/elementor-46852\/\" class=\"elementor-post__excerpt\">\n            <p>D\u00e4rf\u00f6r \u00e4r digital f\u00f6rs\u00e4ljning avg\u00f6rande f\u00f6r att st\u00e4nga fler aff\u00e4rer N\u00e4r jag b\u00f6rjade arbeta med f\u00f6rs\u00e4ljning var logiken enkel. Telefonen var det viktigaste verktyget och<\/p>\n        <\/a>\n        \n\t\t<a class=\"elementor-post__read-more\" href=\"https:\/\/www.ekonomiforetag.se\/sv\/2026\/03\/15\/elementor-46852\/\" aria-label=\"Read more about D\u00e4rf\u00f6r \u00e4r digital f\u00f6rs\u00e4ljning avg\u00f6rande f\u00f6r att st\u00e4nga fler aff\u00e4rer\" tabindex=\"-1\" >\n\t\t\tL\u00e4s mer \u00bb\t\t<\/a>\n\n\t\t        <div class=\"elementor-post__meta-data\">\n            \t\t<span class=\"elementor-post-date\">\n\t\t\tmars 15, 2026\t\t<\/span>\n\t\t        <\/div>\n        \t\t<\/div>\n\t\t\t\t\t<\/div>\n\t\t<\/article>\n\t\t\t\t<article class=\"elementor-post elementor-grid-item post-46748 post type-post status-publish format-standard has-post-thumbnail hentry category-ekonomi category-foretagande category-tips\" role=\"listitem\">\n\t\t\t<div class=\"elementor-post__card\">\n\t\t        <a class=\"elementor-post__thumbnail__link\" href=\"https:\/\/www.ekonomiforetag.se\/sv\/2026\/03\/12\/2026-ar-aret-da-ekonomi-blir-en-konkurrensfordel-och-jag-marker-det-varje-dag\/\">\n            <div class=\"elementor-post__thumbnail\"><img decoding=\"async\" width=\"1920\" height=\"1080\" src=\"https:\/\/easyfairsassets.com\/sites\/120\/2026\/02\/Helena-Ljung-AB-blogg.jpg\" class=\"attachment-full size-full wp-image-46753\" alt=\"Helena Ljung Advisory Board-medlem 2026\" srcset=\"https:\/\/easyfairsassets.com\/sites\/120\/2026\/02\/Helena-Ljung-AB-blogg.jpg 1920w, https:\/\/easyfairsassets.com\/sites\/120\/2026\/02\/Helena-Ljung-AB-blogg-300x169.jpg 300w, https:\/\/easyfairsassets.com\/sites\/120\/2026\/02\/Helena-Ljung-AB-blogg-1024x576.jpg 1024w, https:\/\/easyfairsassets.com\/sites\/120\/2026\/02\/Helena-Ljung-AB-blogg-768x432.jpg 768w, https:\/\/easyfairsassets.com\/sites\/120\/2026\/02\/Helena-Ljung-AB-blogg-1536x864.jpg 1536w\" sizes=\"(max-width: 1920px) 100vw, 1920px\" \/><\/div>\n        <\/a>\n        \t\t<div class=\"elementor-post__text\">\n\t\t\t\t<h3 class=\"elementor-post__title\">\n\t\t\t<a href=\"https:\/\/www.ekonomiforetag.se\/sv\/2026\/03\/12\/2026-ar-aret-da-ekonomi-blir-en-konkurrensfordel-och-jag-marker-det-varje-dag\/\" >\n\t\t\t\t2026 \u00e4r \u00e5ret d\u00e5 ekonomi blir en konkurrensf\u00f6rdel och jag m\u00e4rker det varje dag\t\t\t<\/a>\n\t\t<\/h3>\n\t\t        <a href=\"https:\/\/www.ekonomiforetag.se\/sv\/2026\/03\/12\/2026-ar-aret-da-ekonomi-blir-en-konkurrensfordel-och-jag-marker-det-varje-dag\/\" class=\"elementor-post__excerpt\">\n            <p>I mitt dagliga arbete pratar jag med f\u00f6retag i m\u00e5nga olika branscher. Stora bolag, mindre bolag, industri, handel, tj\u00e4nstesektorn men oavsett sammanhang \u00e5terkommer samma k\u00e4nsla i samtalen just nu.<\/p>\n        <\/a>\n        \n\t\t<a class=\"elementor-post__read-more\" href=\"https:\/\/www.ekonomiforetag.se\/sv\/2026\/03\/12\/2026-ar-aret-da-ekonomi-blir-en-konkurrensfordel-och-jag-marker-det-varje-dag\/\" aria-label=\"Read more about 2026 \u00e4r \u00e5ret d\u00e5 ekonomi blir en konkurrensf\u00f6rdel och jag m\u00e4rker det varje dag\" tabindex=\"-1\" >\n\t\t\tL\u00e4s mer \u00bb\t\t<\/a>\n\n\t\t        <div class=\"elementor-post__meta-data\">\n            \t\t<span class=\"elementor-post-date\">\n\t\t\tmars 12, 2026\t\t<\/span>\n\t\t        <\/div>\n        \t\t<\/div>\n\t\t\t\t\t<\/div>\n\t\t<\/article>\n\t\t\t\t<article class=\"elementor-post elementor-grid-item post-46784 post type-post status-publish format-standard has-post-thumbnail hentry category-ekonomi category-foretagande category-tips\" role=\"listitem\">\n\t\t\t<div class=\"elementor-post__card\">\n\t\t        <a class=\"elementor-post__thumbnail__link\" href=\"https:\/\/www.ekonomiforetag.se\/sv\/2026\/02\/27\/ta-kontroll-over-dina-obetalda-fakturor\/\">\n            <div class=\"elementor-post__thumbnail\"><img loading=\"lazy\" decoding=\"async\" width=\"1920\" height=\"1080\" src=\"https:\/\/easyfairsassets.com\/sites\/120\/2026\/02\/Alexander-Gleerup-AB-blogg.jpg\" class=\"attachment-full size-full wp-image-46749\" alt=\"Alexander Gleerup Advisory Board-medlem 2026\" srcset=\"https:\/\/easyfairsassets.com\/sites\/120\/2026\/02\/Alexander-Gleerup-AB-blogg.jpg 1920w, https:\/\/easyfairsassets.com\/sites\/120\/2026\/02\/Alexander-Gleerup-AB-blogg-300x169.jpg 300w, https:\/\/easyfairsassets.com\/sites\/120\/2026\/02\/Alexander-Gleerup-AB-blogg-1024x576.jpg 1024w, https:\/\/easyfairsassets.com\/sites\/120\/2026\/02\/Alexander-Gleerup-AB-blogg-768x432.jpg 768w, https:\/\/easyfairsassets.com\/sites\/120\/2026\/02\/Alexander-Gleerup-AB-blogg-1536x864.jpg 1536w\" sizes=\"(max-width: 1920px) 100vw, 1920px\" \/><\/div>\n        <\/a>\n        \t\t<div class=\"elementor-post__text\">\n\t\t\t\t<h3 class=\"elementor-post__title\">\n\t\t\t<a href=\"https:\/\/www.ekonomiforetag.se\/sv\/2026\/02\/27\/ta-kontroll-over-dina-obetalda-fakturor\/\" >\n\t\t\t\tTa kontroll \u00f6ver dina obetalda fakturor\t\t\t<\/a>\n\t\t<\/h3>\n\t\t        <a href=\"https:\/\/www.ekonomiforetag.se\/sv\/2026\/02\/27\/ta-kontroll-over-dina-obetalda-fakturor\/\" class=\"elementor-post__excerpt\">\n            <p>F\u00f6r m\u00e5nga f\u00f6retag \u00e4r f\u00f6rs\u00e4ljning i fokus, men det \u00e4r f\u00f6rst n\u00e4r pengarna finns p\u00e5 kontot som aff\u00e4ren \u00e4r fullbordad.<\/p>\n        <\/a>\n        \n\t\t<a class=\"elementor-post__read-more\" href=\"https:\/\/www.ekonomiforetag.se\/sv\/2026\/02\/27\/ta-kontroll-over-dina-obetalda-fakturor\/\" aria-label=\"Read more about Ta kontroll \u00f6ver dina obetalda fakturor\" tabindex=\"-1\" >\n\t\t\tL\u00e4s mer \u00bb\t\t<\/a>\n\n\t\t        <div class=\"elementor-post__meta-data\">\n            \t\t<span class=\"elementor-post-date\">\n\t\t\tfebruari 27, 2026\t\t<\/span>\n\t\t        <\/div>\n        \t\t<\/div>\n\t\t\t\t\t<\/div>\n\t\t<\/article>\n\t\t\t\t<\/div>\n\t\t\n\t\t\t\t\t\t<\/div>\n\t\t\t\t<\/div>\n\t\t\t\t\t<\/div>\n\t\t<\/div>\n\t\t\t\t\t<\/div>\n\t\t<\/section>\n\t\t\t\t<\/div>\n\t\t","protected":false},"excerpt":{"rendered":"<p>I mitt dagliga arbete pratar jag med f\u00f6retag i m\u00e5nga olika branscher. Stora bolag, mindre bolag, industri, handel, tj\u00e4nstesektorn men oavsett sammanhang \u00e5terkommer samma k\u00e4nsla i samtalen just nu.<\/p>\n","protected":false},"author":311,"featured_media":46753,"comment_status":"closed","ping_status":"closed","sticky":false,"template":"elementor_header_footer","format":"standard","meta":{"_seopress_robots_primary_cat":"none","_seopress_titles_title":"Helena Ljung reflekterar \u00f6ver ekonomi\u00e5ret 2026","_seopress_titles_desc":"Framtiden kommer inte bel\u00f6na de f\u00f6retag som g\u00f6r som de alltid gjort.","_seopress_robots_index":"","footnotes":""},"categories":[270,312,271],"tags":[],"edition":[],"class_list":["post-46748","post","type-post","status-publish","format-standard","has-post-thumbnail","hentry","category-ekonomi","category-foretagande","category-tips"],"_links":{"self":[{"href":"https:\/\/www.ekonomiforetag.se\/sv\/wp-json\/wp\/v2\/posts\/46748","targetHints":{"allow":["GET"]}}],"collection":[{"href":"https:\/\/www.ekonomiforetag.se\/sv\/wp-json\/wp\/v2\/posts"}],"about":[{"href":"https:\/\/www.ekonomiforetag.se\/sv\/wp-json\/wp\/v2\/types\/post"}],"author":[{"embeddable":true,"href":"https:\/\/www.ekonomiforetag.se\/sv\/wp-json\/wp\/v2\/users\/311"}],"replies":[{"embeddable":true,"href":"https:\/\/www.ekonomiforetag.se\/sv\/wp-json\/wp\/v2\/comments?post=46748"}],"version-history":[{"count":5,"href":"https:\/\/www.ekonomiforetag.se\/sv\/wp-json\/wp\/v2\/posts\/46748\/revisions"}],"predecessor-version":[{"id":46822,"href":"https:\/\/www.ekonomiforetag.se\/sv\/wp-json\/wp\/v2\/posts\/46748\/revisions\/46822"}],"wp:featuredmedia":[{"embeddable":true,"href":"https:\/\/www.ekonomiforetag.se\/sv\/wp-json\/wp\/v2\/media\/46753"}],"wp:attachment":[{"href":"https:\/\/www.ekonomiforetag.se\/sv\/wp-json\/wp\/v2\/media?parent=46748"}],"wp:term":[{"taxonomy":"category","embeddable":true,"href":"https:\/\/www.ekonomiforetag.se\/sv\/wp-json\/wp\/v2\/categories?post=46748"},{"taxonomy":"post_tag","embeddable":true,"href":"https:\/\/www.ekonomiforetag.se\/sv\/wp-json\/wp\/v2\/tags?post=46748"},{"taxonomy":"edition","embeddable":true,"href":"https:\/\/www.ekonomiforetag.se\/sv\/wp-json\/wp\/v2\/edition?post=46748"}],"curies":[{"name":"wp","href":"https:\/\/api.w.org\/{rel}","templated":true}]}}