{"id":21841,"date":"2023-06-26T10:29:13","date_gmt":"2023-06-26T08:29:13","guid":{"rendered":"https:\/\/www.ekonomiforetag.se\/?p=21841"},"modified":"2024-04-19T15:43:34","modified_gmt":"2024-04-19T13:43:34","slug":"nu-blir-det-skattefritt-att-ladda-bilen-pa-jobbet","status":"publish","type":"post","link":"https:\/\/www.ekonomiforetag.se\/sv\/2023\/06\/26\/nu-blir-det-skattefritt-att-ladda-bilen-pa-jobbet\/","title":{"rendered":"Nu blir det skattefritt att ladda bilen p\u00e5 jobbet"},"content":{"rendered":"\t\t<div data-elementor-type=\"wp-post\" data-elementor-id=\"21841\" class=\"elementor elementor-21841\" data-elementor-post-type=\"post\">\n\t\t\t\t\t\t<section class=\"elementor-section elementor-top-section elementor-element elementor-element-383e85f8 elementor-section-boxed elementor-section-height-default elementor-section-height-default\" data-id=\"383e85f8\" data-element_type=\"section\" data-settings=\"{&quot;background_background&quot;:&quot;classic&quot;}\">\n\t\t\t\t\t\t\t<div class=\"elementor-background-overlay\"><\/div>\n\t\t\t\t\t\t\t<div class=\"elementor-container elementor-column-gap-default\">\n\t\t\t\t\t<div class=\"elementor-column elementor-col-50 elementor-top-column elementor-element elementor-element-8b4ddf6\" data-id=\"8b4ddf6\" data-element_type=\"column\" data-settings=\"{&quot;background_background&quot;:&quot;classic&quot;}\">\n\t\t\t<div class=\"elementor-widget-wrap elementor-element-populated\">\n\t\t\t\t\t\t<div class=\"elementor-element elementor-element-b79694b elementor-hidden-desktop elementor-hidden-tablet elementor-widget elementor-widget-image\" data-id=\"b79694b\" data-element_type=\"widget\" data-widget_type=\"image.default\">\n\t\t\t\t<div class=\"elementor-widget-container\">\n\t\t\t\t\t\t\t\t\t\t\t\t\t\t\t<img fetchpriority=\"high\" decoding=\"async\" width=\"300\" height=\"300\" src=\"https:\/\/easyfairsassets.com\/sites\/120\/2023\/06\/Alexandra-Wallerius_Wolters-Kluwer.jpg\" class=\"attachment-large size-large wp-image-21856\" alt=\"\" srcset=\"https:\/\/easyfairsassets.com\/sites\/120\/2023\/06\/Alexandra-Wallerius_Wolters-Kluwer.jpg 300w, https:\/\/easyfairsassets.com\/sites\/120\/2023\/06\/Alexandra-Wallerius_Wolters-Kluwer-150x150.jpg 150w\" sizes=\"(max-width: 300px) 100vw, 300px\" \/>\t\t\t\t\t\t\t\t\t\t\t\t\t\t\t<\/div>\n\t\t\t\t<\/div>\n\t\t\t\t<section class=\"elementor-section elementor-inner-section elementor-element elementor-element-a8f16aa elementor-section-boxed elementor-section-height-default elementor-section-height-default\" data-id=\"a8f16aa\" data-element_type=\"section\">\n\t\t\t\t\t\t<div class=\"elementor-container elementor-column-gap-default\">\n\t\t\t\t\t<div class=\"elementor-column elementor-col-50 elementor-inner-column elementor-element elementor-element-b996efe\" data-id=\"b996efe\" data-element_type=\"column\">\n\t\t\t<div class=\"elementor-widget-wrap elementor-element-populated\">\n\t\t\t\t\t\t<div class=\"elementor-element elementor-element-10efbaed elementor-hidden-phone elementor-widget elementor-widget-image\" data-id=\"10efbaed\" data-element_type=\"widget\" data-widget_type=\"image.default\">\n\t\t\t\t<div class=\"elementor-widget-container\">\n\t\t\t\t\t\t\t\t\t\t\t\t\t\t\t<img decoding=\"async\" src=\"https:\/\/easyfairsassets.com\/sites\/120\/2023\/06\/Alexandra-Wallerius_Wolters-Kluwer.jpg\" title=\"Alexandra Wallerius_Wolters Kluwer\" alt=\"Alexandra Wallerius_Wolters Kluwer\" loading=\"lazy\" \/>\t\t\t\t\t\t\t\t\t\t\t\t\t\t\t<\/div>\n\t\t\t\t<\/div>\n\t\t\t\t\t<\/div>\n\t\t<\/div>\n\t\t\t\t<div class=\"elementor-column elementor-col-50 elementor-inner-column elementor-element elementor-element-9ccbba7\" data-id=\"9ccbba7\" data-element_type=\"column\">\n\t\t\t<div class=\"elementor-widget-wrap elementor-element-populated\">\n\t\t\t\t\t\t<div class=\"elementor-element elementor-element-94e1734 elementor-widget elementor-widget-heading\" data-id=\"94e1734\" data-element_type=\"widget\" data-widget_type=\"heading.default\">\n\t\t\t\t<div class=\"elementor-widget-container\">\n\t\t\t\t\t<h1 class=\"elementor-heading-title elementor-size-default\">Nu blir det skattefritt att ladda bilen p\u00e5 jobbet<\/h1>\t\t\t\t<\/div>\n\t\t\t\t<\/div>\n\t\t\t\t<div class=\"elementor-element elementor-element-794a992a elementor-widget elementor-widget-heading\" data-id=\"794a992a\" data-element_type=\"widget\" data-widget_type=\"heading.default\">\n\t\t\t\t<div class=\"elementor-widget-container\">\n\t\t\t\t\t<h2 class=\"elementor-heading-title elementor-size-default\">Alexandra Wallerius, Wolters Kluwer<\/h2>\t\t\t\t<\/div>\n\t\t\t\t<\/div>\n\t\t\t\t\t<\/div>\n\t\t<\/div>\n\t\t\t\t\t<\/div>\n\t\t<\/section>\n\t\t\t\t<div class=\"elementor-element elementor-element-68e4aafc elementor-widget elementor-widget-spacer\" data-id=\"68e4aafc\" data-element_type=\"widget\" data-widget_type=\"spacer.default\">\n\t\t\t\t<div class=\"elementor-widget-container\">\n\t\t\t\t\t\t\t<div class=\"elementor-spacer\">\n\t\t\t<div class=\"elementor-spacer-inner\"><\/div>\n\t\t<\/div>\n\t\t\t\t\t\t<\/div>\n\t\t\t\t<\/div>\n\t\t\t\t<div class=\"elementor-element elementor-element-119cde37 elementor-widget elementor-widget-text-editor\" data-id=\"119cde37\" data-element_type=\"widget\" data-widget_type=\"text-editor.default\">\n\t\t\t\t<div class=\"elementor-widget-container\">\n\t\t\t\t\t\t\t\t\t<p>Under perioden 1 juli 2023 \u2013 30 juni 2026 \u00e4r det tillf\u00e4lligt skattefritt att ladda fordon p\u00e5 arbetsplatsen. Syftet \u00e4r att gynna omst\u00e4llningen till en fossilfri fordonsflotta och uppmuntra till arbetsresor med laddbara fordon i st\u00e4llet f\u00f6r resor med andra mindre h\u00e5llbara alternativ.<\/p><p><strong>Vilka fordon omfattas?<\/strong><br \/>De nya reglerna inneb\u00e4r att f\u00f6rm\u00e5n av el f\u00f6r laddning av vissa fordon vid en laddningspunkt eller ett eluttag som tillhandh\u00e5lls av arbetsgivaren inte ska tas upp till beskattning. De fordon som omfattas \u00e4r:<\/p><ul><li>personbil klass I<\/li><li>l\u00e4tt lastbil<\/li><li>motorcykel<\/li><li>moped<\/li><li>cykel<\/li><li>sparkcykel.<\/li><\/ul><p><strong>G\u00e4ller inte laddning vid bostaden<\/strong><br \/>F\u00f6r att elen ska vara skattefri kr\u00e4vs att laddningen sker i anslutning till arbetsplatsen. Skattefriheten g\u00e4ller dock inte om arbetsplatsen \u00e4r bel\u00e4gen i bostaden.<\/p><p>Personer med arbetsplats i bostaden g\u00f6r i normalfallet inga arbetsresor. Att l\u00e5ta f\u00f6rm\u00e5n av laddning vid bostaden vara skattefri skulle d\u00e4rf\u00f6r inte underl\u00e4tta arbetsresor med eldrivna fordon. Den skattefria f\u00f6rm\u00e5nen skulle i st\u00e4llet subventionera andra resor \u00e4n arbetsresor mellan arbetsplats och bostad, vilket enligt regeringen inte \u00e4r syftet dessa regler.<\/p>\t\t\t\t\t\t\t\t<\/div>\n\t\t\t\t<\/div>\n\t\t\t\t<div class=\"elementor-element elementor-element-7c8afc64 elementor-widget elementor-widget-image\" data-id=\"7c8afc64\" data-element_type=\"widget\" data-widget_type=\"image.default\">\n\t\t\t\t<div class=\"elementor-widget-container\">\n\t\t\t\t\t\t\t\t\t\t\t\t\t\t\t<img decoding=\"async\" width=\"800\" height=\"419\" src=\"https:\/\/easyfairsassets.com\/sites\/120\/2023\/06\/Wolters-Kluwer-1024x536.png\" class=\"attachment-large size-large wp-image-21846\" alt=\"\" srcset=\"https:\/\/easyfairsassets.com\/sites\/120\/2023\/06\/Wolters-Kluwer-1024x536.png 1024w, https:\/\/easyfairsassets.com\/sites\/120\/2023\/06\/Wolters-Kluwer-300x157.png 300w, https:\/\/easyfairsassets.com\/sites\/120\/2023\/06\/Wolters-Kluwer-768x402.png 768w, https:\/\/easyfairsassets.com\/sites\/120\/2023\/06\/Wolters-Kluwer.png 1200w\" sizes=\"(max-width: 800px) 100vw, 800px\" \/>\t\t\t\t\t\t\t\t\t\t\t\t\t\t\t<\/div>\n\t\t\t\t<\/div>\n\t\t\t\t<div class=\"elementor-element elementor-element-6d5c5e4 elementor-widget elementor-widget-text-editor\" data-id=\"6d5c5e4\" data-element_type=\"widget\" data-widget_type=\"text-editor.default\">\n\t\t\t\t<div class=\"elementor-widget-container\">\n\t\t\t\t\t\t\t\t\t<p><strong>En stor f\u00f6renkling<\/strong><br \/>Att arbetsgivaren bekostar en laddning av fordon \u00e4r en drivmedelsf\u00f6rm\u00e5n p\u00e5 samma s\u00e4tt som om man bekostar bensin f\u00f6r privat k\u00f6rning. Att ber\u00e4kna ett marknadsv\u00e4rde f\u00f6r laddning av eldrivna fordon kan vara komplicerat. Arbetsgivaren ska r\u00e4kna fram ett f\u00f6rm\u00e5nsv\u00e4rde f\u00f6r laddningen per m\u00e5nad utifr\u00e5n antal k\u00f6rda mil privat, antal k\u00f6rda mil totalt, marknadsv\u00e4rdet f\u00f6r elen per kilowattimme och antal kilowattimmar. Om arbetsgivaren saknar tekniska l\u00f6sningar som kan hj\u00e4lpa till med att sp\u00e5ra m\u00e4ngden el som anv\u00e4nds f\u00f6r laddning kr\u00e4vs manuella system och rutiner f\u00f6r att ber\u00e4kna det skatte- och avgiftspliktiga f\u00f6rm\u00e5nsv\u00e4rdet. Det kan \u00e4ven i vissa fall vara ett problem att fastst\u00e4lla vad som kan anses motsvara ett marknadsm\u00e4ssigt v\u00e4rde p\u00e5 elen. Den skattefrihet som nu har inf\u00f6rts inneb\u00e4r d\u00e4rf\u00f6r en stor f\u00f6renkling f\u00f6r arbetsgivaren.<\/p><p><strong>Ytterligare f\u00f6r\u00e4ndringar som ber\u00f6r elbilar<\/strong><br \/>De senaste \u00e5ren har det skett en del f\u00f6r\u00e4ndringar som ber\u00f6r elbilar. I det s\u00e5 kallade bonus-malus-paketet har bonusdelen f\u00f6rsvunnit i och med att klimatbonusen upph\u00f6rde den 8 november 2022. Det kan dock fortfarande f\u00f6rekomma utbetalningar av klimatbonus eftersom den betalas ut tidigast sex m\u00e5nader efter bilen st\u00e4llts p\u00e5 f\u00f6rsta g\u00e5ngen. Malusdelen finns kvar vilket inneb\u00e4r att fordonsskatten \u00e4r h\u00f6gre f\u00f6r bilar som sl\u00e4pper ut 75 gram koldioxid per kilometer eller mer \u2013 ju h\u00f6gre utsl\u00e4pp desto h\u00f6gre skatt. Den f\u00f6rh\u00f6jda skatten g\u00e4ller i tre \u00e5r fr\u00e5n det att bilen blir skattepliktigt f\u00f6r f\u00f6rsta g\u00e5ngen. D\u00e4refter \u00e5terg\u00e5r den till vanlig fordonsskatt. Storleken p\u00e5 fordonskatten p\u00e5verkar \u00e4ven storleken p\u00e5 f\u00f6rm\u00e5nsv\u00e4rdet.<\/p><p>En annan f\u00f6r\u00e4ndring som ber\u00f6r milj\u00f6bilar \u00e4r det nya s\u00e4ttet att ber\u00e4kna f\u00f6rm\u00e5nsv\u00e4rdet. Sedan den 1 juli 2022 s\u00e4tts nybilspriset ned med ett fast schabloniserat belopp i st\u00e4llet f\u00f6r till nybilspriset f\u00f6r n\u00e4rmast j\u00e4mf\u00f6rbara bil som drivs med bensin eller diesel. F\u00f6r elbilar s\u00e4tts nybilspriset ned med 350 000 kronor. Neds\u00e4ttningen f\u00e5r dock inte \u00f6verstiga 50 procent av bilens nybilspris.<\/p>\t\t\t\t\t\t\t\t<\/div>\n\t\t\t\t<\/div>\n\t\t\t\t<section class=\"elementor-section elementor-inner-section elementor-element elementor-element-6f285e90 elementor-section-boxed elementor-section-height-default elementor-section-height-default\" data-id=\"6f285e90\" data-element_type=\"section\">\n\t\t\t\t\t\t<div class=\"elementor-container elementor-column-gap-default\">\n\t\t\t\t\t<div class=\"elementor-column elementor-col-100 elementor-inner-column elementor-element elementor-element-7d685f70\" data-id=\"7d685f70\" data-element_type=\"column\">\n\t\t\t<div class=\"elementor-widget-wrap elementor-element-populated\">\n\t\t\t\t\t\t<div class=\"elementor-element elementor-element-2a6ae203 elementor-widget elementor-widget-image\" data-id=\"2a6ae203\" data-element_type=\"widget\" data-widget_type=\"image.default\">\n\t\t\t\t<div class=\"elementor-widget-container\">\n\t\t\t\t\t\t\t\t\t\t\t\t\t\t\t\t<a href=\"https:\/\/www.wolterskluwer.com\/sv-se\" target=\"_blank\">\n\t\t\t\t\t\t\t<img decoding=\"async\" width=\"800\" height=\"216\" src=\"https:\/\/easyfairsassets.com\/sites\/120\/2023\/06\/Wolters-Kluwer-logga-1024x276.png\" class=\"attachment-large size-large wp-image-21858\" alt=\"\" srcset=\"https:\/\/easyfairsassets.com\/sites\/120\/2023\/06\/Wolters-Kluwer-logga-1024x276.png 1024w, https:\/\/easyfairsassets.com\/sites\/120\/2023\/06\/Wolters-Kluwer-logga-300x81.png 300w, https:\/\/easyfairsassets.com\/sites\/120\/2023\/06\/Wolters-Kluwer-logga-768x207.png 768w, https:\/\/easyfairsassets.com\/sites\/120\/2023\/06\/Wolters-Kluwer-logga-1536x414.png 1536w, https:\/\/easyfairsassets.com\/sites\/120\/2023\/06\/Wolters-Kluwer-logga.png 1920w\" sizes=\"(max-width: 800px) 100vw, 800px\" \/>\t\t\t\t\t\t\t\t<\/a>\n\t\t\t\t\t\t\t\t\t\t\t\t\t\t\t<\/div>\n\t\t\t\t<\/div>\n\t\t\t\t\t<\/div>\n\t\t<\/div>\n\t\t\t\t\t<\/div>\n\t\t<\/section>\n\t\t\t\t\t<\/div>\n\t\t<\/div>\n\t\t\t\t<div class=\"elementor-column elementor-col-50 elementor-top-column elementor-element elementor-element-59febf6d\" data-id=\"59febf6d\" data-element_type=\"column\">\n\t\t\t<div class=\"elementor-widget-wrap elementor-element-populated\">\n\t\t\t\t\t\t<div class=\"elementor-element elementor-element-236a382d elementor-widget elementor-widget-heading\" data-id=\"236a382d\" data-element_type=\"widget\" data-widget_type=\"heading.default\">\n\t\t\t\t<div class=\"elementor-widget-container\">\n\t\t\t\t\t<h3 class=\"elementor-heading-title elementor-size-default\">Dela i sociala medier:<\/h3>\t\t\t\t<\/div>\n\t\t\t\t<\/div>\n\t\t\t\t<div class=\"elementor-element elementor-element-2d85c026 elementor-share-buttons--view-icon elementor-share-buttons--skin-minimal elementor-share-buttons--shape-rounded elementor-grid-0 elementor-share-buttons--color-official elementor-widget elementor-widget-share-buttons\" data-id=\"2d85c026\" data-element_type=\"widget\" data-widget_type=\"share-buttons.default\">\n\t\t\t\t<div class=\"elementor-widget-container\">\n\t\t\t\t\t\t\t<div class=\"elementor-grid\" role=\"list\">\n\t\t\t\t\t\t\t\t<div class=\"elementor-grid-item\" role=\"listitem\">\n\t\t\t\t\t\t<div class=\"elementor-share-btn elementor-share-btn_facebook\" role=\"button\" tabindex=\"0\" aria-label=\"Share on facebook\">\n\t\t\t\t\t\t\t\t\t\t\t\t\t\t\t<span class=\"elementor-share-btn__icon\">\n\t\t\t\t\t\t\t\t<i class=\"fab fa-facebook\" aria-hidden=\"true\"><\/i>\t\t\t\t\t\t\t<\/span>\n\t\t\t\t\t\t\t\t\t\t\t\t\t\t\t\t\t\t\t\t<\/div>\n\t\t\t\t\t<\/div>\n\t\t\t\t\t\t\t\t\t<div class=\"elementor-grid-item\" role=\"listitem\">\n\t\t\t\t\t\t<div class=\"elementor-share-btn elementor-share-btn_twitter\" role=\"button\" tabindex=\"0\" aria-label=\"Share on twitter\">\n\t\t\t\t\t\t\t\t\t\t\t\t\t\t\t<span class=\"elementor-share-btn__icon\">\n\t\t\t\t\t\t\t\t<i class=\"fab fa-twitter\" aria-hidden=\"true\"><\/i>\t\t\t\t\t\t\t<\/span>\n\t\t\t\t\t\t\t\t\t\t\t\t\t\t\t\t\t\t\t\t<\/div>\n\t\t\t\t\t<\/div>\n\t\t\t\t\t\t\t\t\t<div class=\"elementor-grid-item\" role=\"listitem\">\n\t\t\t\t\t\t<div class=\"elementor-share-btn elementor-share-btn_linkedin\" role=\"button\" tabindex=\"0\" aria-label=\"Share on linkedin\">\n\t\t\t\t\t\t\t\t\t\t\t\t\t\t\t<span class=\"elementor-share-btn__icon\">\n\t\t\t\t\t\t\t\t<i class=\"fab fa-linkedin\" aria-hidden=\"true\"><\/i>\t\t\t\t\t\t\t<\/span>\n\t\t\t\t\t\t\t\t\t\t\t\t\t\t\t\t\t\t\t\t<\/div>\n\t\t\t\t\t<\/div>\n\t\t\t\t\t\t<\/div>\n\t\t\t\t\t\t<\/div>\n\t\t\t\t<\/div>\n\t\t\t\t<div class=\"elementor-element elementor-element-7b2e9bf1 elementor-widget elementor-widget-heading\" data-id=\"7b2e9bf1\" data-element_type=\"widget\" data-widget_type=\"heading.default\">\n\t\t\t\t<div class=\"elementor-widget-container\">\n\t\t\t\t\t<h3 class=\"elementor-heading-title elementor-size-default\">Andra inl\u00e4gg <\/br>som kan passa dig:<\/h3>\t\t\t\t<\/div>\n\t\t\t\t<\/div>\n\t\t\t\t<div class=\"elementor-element elementor-element-41540eb8 elementor-grid-1 elementor-grid-tablet-2 elementor-grid-mobile-1 elementor-posts--thumbnail-header elementor-card-shadow-yes elementor-posts__hover-gradient elementor-widget elementor-widget-posts\" data-id=\"41540eb8\" data-element_type=\"widget\" data-settings=\"{&quot;cards_wex_columns&quot;:&quot;1&quot;,&quot;cards_wex_columns_tablet&quot;:&quot;2&quot;,&quot;cards_wex_columns_mobile&quot;:&quot;1&quot;,&quot;cards_wex_row_gap&quot;:{&quot;unit&quot;:&quot;px&quot;,&quot;size&quot;:35,&quot;sizes&quot;:[]},&quot;cards_wex_row_gap_tablet&quot;:{&quot;unit&quot;:&quot;px&quot;,&quot;size&quot;:&quot;&quot;,&quot;sizes&quot;:[]},&quot;cards_wex_row_gap_mobile&quot;:{&quot;unit&quot;:&quot;px&quot;,&quot;size&quot;:&quot;&quot;,&quot;sizes&quot;:[]}}\" data-widget_type=\"posts.cards_wex\">\n\t\t\t\t<div class=\"elementor-widget-container\">\n\t\t\t\t\t\t\t<div class=\"elementor-posts-container elementor-posts elementor-posts--skin-cards elementor-grid\" role=\"list\">\n\t\t\t\t<article class=\"elementor-post elementor-grid-item post-46784 post type-post status-publish format-standard has-post-thumbnail hentry category-ekonomi category-foretagande category-tips\" role=\"listitem\">\n\t\t\t<div class=\"elementor-post__card\">\n\t\t        <a class=\"elementor-post__thumbnail__link\" href=\"https:\/\/www.ekonomiforetag.se\/sv\/2026\/02\/27\/ta-kontroll-over-dina-obetalda-fakturor\/\">\n            <div class=\"elementor-post__thumbnail\"><img loading=\"lazy\" decoding=\"async\" width=\"300\" height=\"169\" src=\"https:\/\/easyfairsassets.com\/sites\/120\/2026\/02\/Alexander-Gleerup-AB-blogg-300x169.jpg\" class=\"attachment-medium size-medium wp-image-46749\" alt=\"Alexander Gleerup Advisory Board-medlem 2026\" srcset=\"https:\/\/easyfairsassets.com\/sites\/120\/2026\/02\/Alexander-Gleerup-AB-blogg-300x169.jpg 300w, https:\/\/easyfairsassets.com\/sites\/120\/2026\/02\/Alexander-Gleerup-AB-blogg-1024x576.jpg 1024w, https:\/\/easyfairsassets.com\/sites\/120\/2026\/02\/Alexander-Gleerup-AB-blogg-768x432.jpg 768w, https:\/\/easyfairsassets.com\/sites\/120\/2026\/02\/Alexander-Gleerup-AB-blogg-1536x864.jpg 1536w, https:\/\/easyfairsassets.com\/sites\/120\/2026\/02\/Alexander-Gleerup-AB-blogg.jpg 1920w\" sizes=\"(max-width: 300px) 100vw, 300px\" \/><\/div>\n        <\/a>\n        \t\t<div class=\"elementor-post__text\">\n\t\t\t\t<h3 class=\"elementor-post__title\">\n\t\t\t<a href=\"https:\/\/www.ekonomiforetag.se\/sv\/2026\/02\/27\/ta-kontroll-over-dina-obetalda-fakturor\/\" >\n\t\t\t\tTa kontroll \u00f6ver dina obetalda fakturor\t\t\t<\/a>\n\t\t<\/h3>\n\t\t        <a href=\"https:\/\/www.ekonomiforetag.se\/sv\/2026\/02\/27\/ta-kontroll-over-dina-obetalda-fakturor\/\" class=\"elementor-post__excerpt\">\n            <p>F\u00f6r m\u00e5nga f\u00f6retag \u00e4r f\u00f6rs\u00e4ljning i fokus, men det \u00e4r f\u00f6rst n\u00e4r pengarna finns p\u00e5 kontot som aff\u00e4ren \u00e4r fullbordad.<\/p>\n        <\/a>\n        \n\t\t<a class=\"elementor-post__read-more\" href=\"https:\/\/www.ekonomiforetag.se\/sv\/2026\/02\/27\/ta-kontroll-over-dina-obetalda-fakturor\/\" aria-label=\"Read more about Ta kontroll \u00f6ver dina obetalda fakturor\" tabindex=\"-1\" >\n\t\t\tL\u00e4s mer \u00bb\t\t<\/a>\n\n\t\t        <div class=\"elementor-post__meta-data\">\n            \t\t<span class=\"elementor-post-date\">\n\t\t\tfebruari 27, 2026\t\t<\/span>\n\t\t\t\t<span class=\"elementor-post-avatar\">\n\t\t\tInga kommentarer\t\t<\/span>\n\t\t        <\/div>\n        \t\t<\/div>\n\t\t\t\t\t<\/div>\n\t\t<\/article>\n\t\t\t\t<article class=\"elementor-post elementor-grid-item post-21873 post type-post status-publish format-standard has-post-thumbnail hentry category-ekonomi category-foretagande category-tips\" role=\"listitem\">\n\t\t\t<div class=\"elementor-post__card\">\n\t\t        <a class=\"elementor-post__thumbnail__link\" href=\"https:\/\/www.ekonomiforetag.se\/sv\/2023\/06\/22\/framtidens-bokforing-6-digitala-trender-att-halla-koll-pa\/\">\n            <div class=\"elementor-post__thumbnail\"><img loading=\"lazy\" decoding=\"async\" width=\"300\" height=\"157\" src=\"https:\/\/easyfairsassets.com\/sites\/120\/2023\/06\/Accountor-Finago-300x157.png\" class=\"attachment-medium size-medium wp-image-21874\" alt=\"Tv\u00e5 personer arbetar vid laptop\" srcset=\"https:\/\/easyfairsassets.com\/sites\/120\/2023\/06\/Accountor-Finago-300x157.png 300w, https:\/\/easyfairsassets.com\/sites\/120\/2023\/06\/Accountor-Finago-1024x536.png 1024w, https:\/\/easyfairsassets.com\/sites\/120\/2023\/06\/Accountor-Finago-768x402.png 768w, https:\/\/easyfairsassets.com\/sites\/120\/2023\/06\/Accountor-Finago.png 1200w\" sizes=\"(max-width: 300px) 100vw, 300px\" \/><\/div>\n        <\/a>\n        \t\t<div class=\"elementor-post__text\">\n\t\t\t\t<h3 class=\"elementor-post__title\">\n\t\t\t<a href=\"https:\/\/www.ekonomiforetag.se\/sv\/2023\/06\/22\/framtidens-bokforing-6-digitala-trender-att-halla-koll-pa\/\" >\n\t\t\t\tFramtidens bokf\u00f6ring: 6 digitala trender att h\u00e5lla koll p\u00e5\t\t\t<\/a>\n\t\t<\/h3>\n\t\t        <a href=\"https:\/\/www.ekonomiforetag.se\/sv\/2023\/06\/22\/framtidens-bokforing-6-digitala-trender-att-halla-koll-pa\/\" class=\"elementor-post__excerpt\">\n            <p>Dagens samh\u00e4lle pr\u00e4glas av smarta l\u00f6sningar f\u00f6r att effektivisera vardagen, och detta har \u00e4ven p\u00e5verkat bokf\u00f6ringsbranschen. Vi ser nu en \u00f6verg\u00e5ng fr\u00e5n manuella processer till mer digitala och automatiserade l\u00f6sningar.<\/p>\n        <\/a>\n        \n\t\t<a class=\"elementor-post__read-more\" href=\"https:\/\/www.ekonomiforetag.se\/sv\/2023\/06\/22\/framtidens-bokforing-6-digitala-trender-att-halla-koll-pa\/\" aria-label=\"Read more about Framtidens bokf\u00f6ring: 6 digitala trender att h\u00e5lla koll p\u00e5\" tabindex=\"-1\" >\n\t\t\tL\u00e4s mer \u00bb\t\t<\/a>\n\n\t\t        <div class=\"elementor-post__meta-data\">\n            \t\t<span class=\"elementor-post-date\">\n\t\t\tjuni 22, 2023\t\t<\/span>\n\t\t\t\t<span class=\"elementor-post-avatar\">\n\t\t\tInga kommentarer\t\t<\/span>\n\t\t        <\/div>\n        \t\t<\/div>\n\t\t\t\t\t<\/div>\n\t\t<\/article>\n\t\t\t\t<article class=\"elementor-post elementor-grid-item post-19256 post type-post status-publish format-standard has-post-thumbnail hentry category-ekonomi category-foretagande category-tips\" role=\"listitem\">\n\t\t\t<div class=\"elementor-post__card\">\n\t\t        <a class=\"elementor-post__thumbnail__link\" href=\"https:\/\/www.ekonomiforetag.se\/sv\/2023\/04\/04\/5-skal-att-digitalisera-byrans-kyc-process\/\">\n            <div class=\"elementor-post__thumbnail\"><img loading=\"lazy\" decoding=\"async\" width=\"300\" height=\"157\" src=\"https:\/\/easyfairsassets.com\/sites\/120\/2023\/04\/Accountec-300x157.jpg\" class=\"attachment-medium size-medium wp-image-19257\" alt=\"Karta KYC, know your customer\" srcset=\"https:\/\/easyfairsassets.com\/sites\/120\/2023\/04\/Accountec-300x157.jpg 300w, https:\/\/easyfairsassets.com\/sites\/120\/2023\/04\/Accountec.jpg 640w\" sizes=\"(max-width: 300px) 100vw, 300px\" \/><\/div>\n        <\/a>\n        \t\t<div class=\"elementor-post__text\">\n\t\t\t\t<h3 class=\"elementor-post__title\">\n\t\t\t<a href=\"https:\/\/www.ekonomiforetag.se\/sv\/2023\/04\/04\/5-skal-att-digitalisera-byrans-kyc-process\/\" >\n\t\t\t\t5 sk\u00e4l att digitalisera byr\u00e5ns KYC-process\t\t\t<\/a>\n\t\t<\/h3>\n\t\t        <a href=\"https:\/\/www.ekonomiforetag.se\/sv\/2023\/04\/04\/5-skal-att-digitalisera-byrans-kyc-process\/\" class=\"elementor-post__excerpt\">\n            <p>Lagstiftningen kr\u00e4ver idag att redovisnings- och revisonsbyr\u00e5er genomf\u00f6r KYC (Know Your Customer, eller kundk\u00e4nnedom) varje \u00e5r. Det inneb\u00e4r att ni b\u00e5de beh\u00f6ver g\u00f6ra en \u00f6vergripande riskbed\u00f6mning av hela byr\u00e5ns verksamhet samt kontrollera varje kund \u00e5rligen.<\/p>\n        <\/a>\n        \n\t\t<a class=\"elementor-post__read-more\" href=\"https:\/\/www.ekonomiforetag.se\/sv\/2023\/04\/04\/5-skal-att-digitalisera-byrans-kyc-process\/\" aria-label=\"Read more about 5 sk\u00e4l att digitalisera byr\u00e5ns KYC-process\" tabindex=\"-1\" >\n\t\t\tL\u00e4s mer \u00bb\t\t<\/a>\n\n\t\t        <div class=\"elementor-post__meta-data\">\n            \t\t<span class=\"elementor-post-date\">\n\t\t\tapril 4, 2023\t\t<\/span>\n\t\t\t\t<span class=\"elementor-post-avatar\">\n\t\t\tInga kommentarer\t\t<\/span>\n\t\t        <\/div>\n        \t\t<\/div>\n\t\t\t\t\t<\/div>\n\t\t<\/article>\n\t\t\t\t<\/div>\n\t\t\n\t\t\t\t\t\t<\/div>\n\t\t\t\t<\/div>\n\t\t\t\t<div class=\"elementor-element elementor-element-3e88c04e elementor-widget elementor-widget-spacer\" data-id=\"3e88c04e\" data-element_type=\"widget\" data-widget_type=\"spacer.default\">\n\t\t\t\t<div class=\"elementor-widget-container\">\n\t\t\t\t\t\t\t<div class=\"elementor-spacer\">\n\t\t\t<div class=\"elementor-spacer-inner\"><\/div>\n\t\t<\/div>\n\t\t\t\t\t\t<\/div>\n\t\t\t\t<\/div>\n\t\t\t\t\t<\/div>\n\t\t<\/div>\n\t\t\t\t\t<\/div>\n\t\t<\/section>\n\t\t\t\t<section class=\"elementor-section elementor-top-section elementor-element elementor-element-750d9424 elementor-section-boxed elementor-section-height-default elementor-section-height-default\" data-id=\"750d9424\" data-element_type=\"section\">\n\t\t\t\t\t\t<div class=\"elementor-container elementor-column-gap-default\">\n\t\t\t\t\t<div class=\"elementor-column elementor-col-100 elementor-top-column elementor-element elementor-element-15b94306\" data-id=\"15b94306\" data-element_type=\"column\">\n\t\t\t<div class=\"elementor-widget-wrap elementor-element-populated\">\n\t\t\t\t\t\t<div class=\"elementor-element elementor-element-667d5ff6 elementor-widget elementor-widget-spacer\" data-id=\"667d5ff6\" data-element_type=\"widget\" data-widget_type=\"spacer.default\">\n\t\t\t\t<div class=\"elementor-widget-container\">\n\t\t\t\t\t\t\t<div class=\"elementor-spacer\">\n\t\t\t<div class=\"elementor-spacer-inner\"><\/div>\n\t\t<\/div>\n\t\t\t\t\t\t<\/div>\n\t\t\t\t<\/div>\n\t\t\t\t\t<\/div>\n\t\t<\/div>\n\t\t\t\t\t<\/div>\n\t\t<\/section>\n\t\t\t\t<\/div>\n\t\t","protected":false},"excerpt":{"rendered":"<p>Under perioden 1 juli 2023 \u2013 30 juni 2026 \u00e4r det tillf\u00e4lligt skattefritt att ladda fordon p\u00e5 arbetsplatsen. Syftet \u00e4r att gynna omst\u00e4llningen till en fossilfri fordonsflotta och uppmuntra till arbetsresor med laddbara fordon i st\u00e4llet f\u00f6r resor med andra mindre h\u00e5llbara alternativ.<\/p>\n","protected":false},"author":311,"featured_media":21846,"comment_status":"closed","ping_status":"closed","sticky":false,"template":"elementor_header_footer","format":"standard","meta":{"_seopress_robots_primary_cat":"none","_seopress_titles_title":"","_seopress_titles_desc":"","_seopress_robots_index":"","footnotes":""},"categories":[270,312,271],"tags":[],"edition":[],"class_list":["post-21841","post","type-post","status-publish","format-standard","has-post-thumbnail","hentry","category-ekonomi","category-foretagande","category-tips"],"_links":{"self":[{"href":"https:\/\/www.ekonomiforetag.se\/sv\/wp-json\/wp\/v2\/posts\/21841","targetHints":{"allow":["GET"]}}],"collection":[{"href":"https:\/\/www.ekonomiforetag.se\/sv\/wp-json\/wp\/v2\/posts"}],"about":[{"href":"https:\/\/www.ekonomiforetag.se\/sv\/wp-json\/wp\/v2\/types\/post"}],"author":[{"embeddable":true,"href":"https:\/\/www.ekonomiforetag.se\/sv\/wp-json\/wp\/v2\/users\/311"}],"replies":[{"embeddable":true,"href":"https:\/\/www.ekonomiforetag.se\/sv\/wp-json\/wp\/v2\/comments?post=21841"}],"version-history":[{"count":5,"href":"https:\/\/www.ekonomiforetag.se\/sv\/wp-json\/wp\/v2\/posts\/21841\/revisions"}],"predecessor-version":[{"id":31884,"href":"https:\/\/www.ekonomiforetag.se\/sv\/wp-json\/wp\/v2\/posts\/21841\/revisions\/31884"}],"wp:featuredmedia":[{"embeddable":true,"href":"https:\/\/www.ekonomiforetag.se\/sv\/wp-json\/wp\/v2\/media\/21846"}],"wp:attachment":[{"href":"https:\/\/www.ekonomiforetag.se\/sv\/wp-json\/wp\/v2\/media?parent=21841"}],"wp:term":[{"taxonomy":"category","embeddable":true,"href":"https:\/\/www.ekonomiforetag.se\/sv\/wp-json\/wp\/v2\/categories?post=21841"},{"taxonomy":"post_tag","embeddable":true,"href":"https:\/\/www.ekonomiforetag.se\/sv\/wp-json\/wp\/v2\/tags?post=21841"},{"taxonomy":"edition","embeddable":true,"href":"https:\/\/www.ekonomiforetag.se\/sv\/wp-json\/wp\/v2\/edition?post=21841"}],"curies":[{"name":"wp","href":"https:\/\/api.w.org\/{rel}","templated":true}]}}