{"id":19146,"date":"2023-03-21T15:24:01","date_gmt":"2023-03-21T14:24:01","guid":{"rendered":"https:\/\/www.ekonomiforetag.se\/?p=19146"},"modified":"2024-04-19T15:45:29","modified_gmt":"2024-04-19T13:45:29","slug":"vikten-av-kompetensutveckling","status":"publish","type":"post","link":"https:\/\/www.ekonomiforetag.se\/sv\/2023\/03\/21\/vikten-av-kompetensutveckling\/","title":{"rendered":"Vikten av kompetensutveckling"},"content":{"rendered":"\t\t<div data-elementor-type=\"wp-post\" data-elementor-id=\"19146\" class=\"elementor elementor-19146\" data-elementor-post-type=\"post\">\n\t\t\t\t\t\t<section class=\"elementor-section elementor-top-section elementor-element elementor-element-660f732e elementor-section-boxed elementor-section-height-default elementor-section-height-default\" data-id=\"660f732e\" data-element_type=\"section\" data-settings=\"{&quot;background_background&quot;:&quot;classic&quot;}\">\n\t\t\t\t\t\t\t<div class=\"elementor-background-overlay\"><\/div>\n\t\t\t\t\t\t\t<div class=\"elementor-container elementor-column-gap-default\">\n\t\t\t\t\t<div class=\"elementor-column elementor-col-50 elementor-top-column elementor-element elementor-element-48aecc50\" data-id=\"48aecc50\" data-element_type=\"column\" data-settings=\"{&quot;background_background&quot;:&quot;classic&quot;}\">\n\t\t\t<div class=\"elementor-widget-wrap elementor-element-populated\">\n\t\t\t\t\t\t<div class=\"elementor-element elementor-element-6011d82c elementor-hidden-desktop elementor-hidden-tablet elementor-widget elementor-widget-image\" data-id=\"6011d82c\" data-element_type=\"widget\" data-widget_type=\"image.default\">\n\t\t\t\t<div class=\"elementor-widget-container\">\n\t\t\t\t\t\t\t\t\t\t\t\t\t\t\t<img fetchpriority=\"high\" decoding=\"async\" width=\"300\" height=\"300\" src=\"https:\/\/easyfairsassets.com\/sites\/120\/2023\/03\/Diana-Gellio_Eduhouse.png\" class=\"attachment-large size-large wp-image-19151\" alt=\"\" srcset=\"https:\/\/easyfairsassets.com\/sites\/120\/2023\/03\/Diana-Gellio_Eduhouse.png 300w, https:\/\/easyfairsassets.com\/sites\/120\/2023\/03\/Diana-Gellio_Eduhouse-150x150.png 150w\" sizes=\"(max-width: 300px) 100vw, 300px\" \/>\t\t\t\t\t\t\t\t\t\t\t\t\t\t\t<\/div>\n\t\t\t\t<\/div>\n\t\t\t\t<section class=\"elementor-section elementor-inner-section elementor-element elementor-element-4736f11c elementor-section-boxed elementor-section-height-default elementor-section-height-default\" data-id=\"4736f11c\" data-element_type=\"section\">\n\t\t\t\t\t\t<div class=\"elementor-container elementor-column-gap-default\">\n\t\t\t\t\t<div class=\"elementor-column elementor-col-50 elementor-inner-column elementor-element elementor-element-35edb956\" data-id=\"35edb956\" data-element_type=\"column\">\n\t\t\t<div class=\"elementor-widget-wrap elementor-element-populated\">\n\t\t\t\t\t\t<div class=\"elementor-element elementor-element-40328a25 elementor-hidden-phone elementor-widget elementor-widget-image\" data-id=\"40328a25\" data-element_type=\"widget\" data-widget_type=\"image.default\">\n\t\t\t\t<div class=\"elementor-widget-container\">\n\t\t\t\t\t\t\t\t\t\t\t\t\t\t\t<img decoding=\"async\" src=\"https:\/\/easyfairsassets.com\/sites\/120\/2023\/03\/Diana-Gellio_Eduhouse.png\" title=\"Diana Gellio_Eduhouse\" alt=\"Diana Gellio_Eduhouse\" loading=\"lazy\" \/>\t\t\t\t\t\t\t\t\t\t\t\t\t\t\t<\/div>\n\t\t\t\t<\/div>\n\t\t\t\t\t<\/div>\n\t\t<\/div>\n\t\t\t\t<div class=\"elementor-column elementor-col-50 elementor-inner-column elementor-element elementor-element-685ffaee\" data-id=\"685ffaee\" data-element_type=\"column\">\n\t\t\t<div class=\"elementor-widget-wrap elementor-element-populated\">\n\t\t\t\t\t\t<div class=\"elementor-element elementor-element-10efbfd2 elementor-widget elementor-widget-heading\" data-id=\"10efbfd2\" data-element_type=\"widget\" data-widget_type=\"heading.default\">\n\t\t\t\t<div class=\"elementor-widget-container\">\n\t\t\t\t\t<h1 class=\"elementor-heading-title elementor-size-default\">Vikten av kompetensutveckling<\/h1>\t\t\t\t<\/div>\n\t\t\t\t<\/div>\n\t\t\t\t<div class=\"elementor-element elementor-element-6d52715 elementor-widget elementor-widget-heading\" data-id=\"6d52715\" data-element_type=\"widget\" data-widget_type=\"heading.default\">\n\t\t\t\t<div class=\"elementor-widget-container\">\n\t\t\t\t\t<h2 class=\"elementor-heading-title elementor-size-default\">Diana Gellio, Content Marketing Specialist, Eduhouse<\/h2>\t\t\t\t<\/div>\n\t\t\t\t<\/div>\n\t\t\t\t\t<\/div>\n\t\t<\/div>\n\t\t\t\t\t<\/div>\n\t\t<\/section>\n\t\t\t\t<div class=\"elementor-element elementor-element-12cae336 elementor-widget elementor-widget-text-editor\" data-id=\"12cae336\" data-element_type=\"widget\" data-widget_type=\"text-editor.default\">\n\t\t\t\t<div class=\"elementor-widget-container\">\n\t\t\t\t\t\t\t\t\t<p>Globalisering och digitaliseringen har haft en enorm p\u00e5verkan p\u00e5 hur arbetsmarknaden ser ut idag. Med nya teknologier har det st\u00e4llt h\u00f6gre krav p\u00e5 f\u00f6retag att anpassa sig till en mer digitaliserad v\u00e4rld. Detta har i sin tur skapat ett stort gap mellan vad f\u00f6retagen efterfr\u00e5gar och personalens kompetens.<\/p><p>Att enbart ha en h\u00f6gskoleutbildning r\u00e4cker inte l\u00e4ngre till f\u00f6r att vara kvalificerad f\u00f6r ett arbete. Utan f\u00f6r att f\u00f6rbli konkurrenskraftig beh\u00f6ver du som anst\u00e4lld st\u00e4ndigt utveckla dina kunskaper s\u00e5 du kan m\u00f6ta de behov som efterfr\u00e5gas av arbetsgivarna. Vi ger dig 3 tips p\u00e5 hur kompetensutveckling kan bli en del av din vardag.<\/p><p><strong>Avs\u00e4tt tid f\u00f6r det<\/strong><br \/>Med ett hektiskt schema \u00e4r nog kompetensutveckling det sista du v\u00e4ljer att prioritera. Fel inst\u00e4llning! Faktum \u00e4r att tid aldrig kommer att ges till dig. Du skapar tid genom att boka in det i din kalender. Det kan ibland r\u00e4cka med 30 minuter i veckan. Vi har alla en lucka p\u00e5 30 minuter i v\u00e5r kalender, s\u00e5 se till att utnyttja den tiden till att utveckla dina kunskaper. Lyssna p\u00e5 en l\u00e4rorik podcast p\u00e5 v\u00e4g hem fr\u00e5n jobbet eller g\u00e5 en microlearning-kurs under rasten. Att l\u00e4ra sig blir en naturlig del i din vardag n\u00e4r du v\u00e4ljer att avs\u00e4tta tid f\u00f6r det.<\/p><p><strong>En investering f\u00f6r din framtid<\/strong><br \/>Du kanske har h\u00f6rt teorin om att du beh\u00f6ver avs\u00e4tta 10 000 timmar f\u00f6r att bli framg\u00e5ngsrik i en aktivitet. N\u00e4r det kommer till kompetensutveckling s\u00e5 beh\u00f6ver du som tur \u00e4r inte spendera s\u00e5 m\u00e5nga timmar. Syftet med kompetensutveckling \u00e4r att du inte stannar av n\u00e4r du har de grundkunskaper som kr\u00e4vs f\u00f6r att du ska kunna utf\u00f6ra ditt arbete. F\u00f6rs\u00f6k ist\u00e4llet att vara nyfiken och str\u00e4va efter att hela tiden utvecklas. Har du r\u00e4tt kompetens blir det sv\u00e5rare att ers\u00e4tta din plats d\u00e5 f\u00f6retaget \u00e4r i behov av just dina kunskaper.<\/p><p><strong>Investering i dina kunskaper \u00e4r en vinst f\u00f6r f\u00f6retaget<\/strong><br \/>Det \u00e4r inte bara tuff konkurrens om jobben utan \u00e4ven bland f\u00f6retagen. De skriker efter r\u00e4tt kompetens samtidigt som de tvingas varsla sina medarbetare. Genom att du st\u00e4rker din position med r\u00e4tt kunskaper gynnar inte det bara dig sj\u00e4lv utan \u00e4ven f\u00f6retaget. Arbetar du p\u00e5 ett f\u00f6retag som inte tydligt kommunicerar ut en l\u00e4rande arbetskultur kan du alltid f\u00f6rs\u00f6ka lyfta fram och f\u00f6resl\u00e5 detta. Enligt vissa kollektivavtal finns det \u00e4ven vissa regler som talar om att ett visst antal timmar ska g\u00e5 till kompetensutveckling. Kika med din arbetsgivare eller facket vad som g\u00e4ller i ditt avtal.<\/p><p>Nu har vi f\u00f6rhoppningsvis gett dig anledningar till varf\u00f6r du ska fokusera p\u00e5 att utveckla dina kunskaper. F\u00f6r det kr\u00e4vs engagemang och intresse. Avs\u00e4tt tid f\u00f6r det i din kalender s\u00e5 blir det en naturlig del av din vardag.<\/p><p>B\u00f6rja resan till ett livsl\u00e5ngt l\u00e4rande!<\/p><p>Vi b\u00f6rjade ig\u00e5r, n\u00e4r b\u00f6rjar du?<\/p>\t\t\t\t\t\t\t\t<\/div>\n\t\t\t\t<\/div>\n\t\t\t\t<section class=\"elementor-section elementor-inner-section elementor-element elementor-element-73b53ce0 elementor-section-boxed elementor-section-height-default elementor-section-height-default\" data-id=\"73b53ce0\" data-element_type=\"section\">\n\t\t\t\t\t\t<div class=\"elementor-container elementor-column-gap-default\">\n\t\t\t\t\t<div class=\"elementor-column elementor-col-100 elementor-inner-column elementor-element elementor-element-289e8fb6\" data-id=\"289e8fb6\" data-element_type=\"column\">\n\t\t\t<div class=\"elementor-widget-wrap elementor-element-populated\">\n\t\t\t\t\t\t<div class=\"elementor-element elementor-element-6db4c6c elementor-widget elementor-widget-image\" data-id=\"6db4c6c\" data-element_type=\"widget\" data-widget_type=\"image.default\">\n\t\t\t\t<div class=\"elementor-widget-container\">\n\t\t\t\t\t\t\t\t\t\t\t\t\t\t\t<img decoding=\"async\" width=\"800\" height=\"450\" src=\"https:\/\/easyfairsassets.com\/sites\/120\/2023\/03\/eduhouse-1-1024x576.png\" class=\"attachment-large size-large wp-image-19153\" alt=\"\" srcset=\"https:\/\/easyfairsassets.com\/sites\/120\/2023\/03\/eduhouse-1-1024x576.png 1024w, https:\/\/easyfairsassets.com\/sites\/120\/2023\/03\/eduhouse-1-300x169.png 300w, https:\/\/easyfairsassets.com\/sites\/120\/2023\/03\/eduhouse-1-768x432.png 768w, https:\/\/easyfairsassets.com\/sites\/120\/2023\/03\/eduhouse-1-1536x864.png 1536w, https:\/\/easyfairsassets.com\/sites\/120\/2023\/03\/eduhouse-1.png 1920w\" sizes=\"(max-width: 800px) 100vw, 800px\" \/>\t\t\t\t\t\t\t\t\t\t\t\t\t\t\t<\/div>\n\t\t\t\t<\/div>\n\t\t\t\t\t<\/div>\n\t\t<\/div>\n\t\t\t\t\t<\/div>\n\t\t<\/section>\n\t\t\t\t\t<\/div>\n\t\t<\/div>\n\t\t\t\t<div class=\"elementor-column elementor-col-50 elementor-top-column elementor-element elementor-element-17fc02f7\" data-id=\"17fc02f7\" data-element_type=\"column\">\n\t\t\t<div class=\"elementor-widget-wrap elementor-element-populated\">\n\t\t\t\t\t\t<div class=\"elementor-element elementor-element-51f3186f elementor-widget elementor-widget-heading\" data-id=\"51f3186f\" data-element_type=\"widget\" data-widget_type=\"heading.default\">\n\t\t\t\t<div class=\"elementor-widget-container\">\n\t\t\t\t\t<h3 class=\"elementor-heading-title elementor-size-default\">Dela i sociala medier:<\/h3>\t\t\t\t<\/div>\n\t\t\t\t<\/div>\n\t\t\t\t<div class=\"elementor-element elementor-element-33d6ec9b elementor-share-buttons--view-icon elementor-share-buttons--skin-minimal elementor-share-buttons--shape-rounded elementor-grid-0 elementor-share-buttons--color-official elementor-widget elementor-widget-share-buttons\" data-id=\"33d6ec9b\" data-element_type=\"widget\" data-widget_type=\"share-buttons.default\">\n\t\t\t\t<div class=\"elementor-widget-container\">\n\t\t\t\t\t\t\t<div class=\"elementor-grid\" role=\"list\">\n\t\t\t\t\t\t\t\t<div class=\"elementor-grid-item\" role=\"listitem\">\n\t\t\t\t\t\t<div class=\"elementor-share-btn elementor-share-btn_facebook\" role=\"button\" tabindex=\"0\" aria-label=\"Share on facebook\">\n\t\t\t\t\t\t\t\t\t\t\t\t\t\t\t<span class=\"elementor-share-btn__icon\">\n\t\t\t\t\t\t\t\t<i class=\"fab fa-facebook\" aria-hidden=\"true\"><\/i>\t\t\t\t\t\t\t<\/span>\n\t\t\t\t\t\t\t\t\t\t\t\t\t\t\t\t\t\t\t\t<\/div>\n\t\t\t\t\t<\/div>\n\t\t\t\t\t\t\t\t\t<div class=\"elementor-grid-item\" role=\"listitem\">\n\t\t\t\t\t\t<div class=\"elementor-share-btn elementor-share-btn_twitter\" role=\"button\" tabindex=\"0\" aria-label=\"Share on twitter\">\n\t\t\t\t\t\t\t\t\t\t\t\t\t\t\t<span class=\"elementor-share-btn__icon\">\n\t\t\t\t\t\t\t\t<i class=\"fab fa-twitter\" aria-hidden=\"true\"><\/i>\t\t\t\t\t\t\t<\/span>\n\t\t\t\t\t\t\t\t\t\t\t\t\t\t\t\t\t\t\t\t<\/div>\n\t\t\t\t\t<\/div>\n\t\t\t\t\t\t\t\t\t<div class=\"elementor-grid-item\" role=\"listitem\">\n\t\t\t\t\t\t<div class=\"elementor-share-btn elementor-share-btn_linkedin\" role=\"button\" tabindex=\"0\" aria-label=\"Share on linkedin\">\n\t\t\t\t\t\t\t\t\t\t\t\t\t\t\t<span class=\"elementor-share-btn__icon\">\n\t\t\t\t\t\t\t\t<i class=\"fab fa-linkedin\" aria-hidden=\"true\"><\/i>\t\t\t\t\t\t\t<\/span>\n\t\t\t\t\t\t\t\t\t\t\t\t\t\t\t\t\t\t\t\t<\/div>\n\t\t\t\t\t<\/div>\n\t\t\t\t\t\t<\/div>\n\t\t\t\t\t\t<\/div>\n\t\t\t\t<\/div>\n\t\t\t\t<div class=\"elementor-element elementor-element-6947f406 elementor-widget elementor-widget-heading\" data-id=\"6947f406\" data-element_type=\"widget\" data-widget_type=\"heading.default\">\n\t\t\t\t<div class=\"elementor-widget-container\">\n\t\t\t\t\t<h3 class=\"elementor-heading-title elementor-size-default\">Andra inl\u00e4gg <\/br>som kan passa dig:<\/h3>\t\t\t\t<\/div>\n\t\t\t\t<\/div>\n\t\t\t\t<div class=\"elementor-element elementor-element-3d827708 elementor-grid-1 elementor-grid-tablet-2 elementor-grid-mobile-1 elementor-posts--thumbnail-header elementor-card-shadow-yes elementor-posts__hover-gradient elementor-widget elementor-widget-posts\" data-id=\"3d827708\" data-element_type=\"widget\" data-settings=\"{&quot;cards_wex_columns&quot;:&quot;1&quot;,&quot;cards_wex_columns_tablet&quot;:&quot;2&quot;,&quot;cards_wex_columns_mobile&quot;:&quot;1&quot;,&quot;cards_wex_row_gap&quot;:{&quot;unit&quot;:&quot;px&quot;,&quot;size&quot;:35,&quot;sizes&quot;:[]},&quot;cards_wex_row_gap_tablet&quot;:{&quot;unit&quot;:&quot;px&quot;,&quot;size&quot;:&quot;&quot;,&quot;sizes&quot;:[]},&quot;cards_wex_row_gap_mobile&quot;:{&quot;unit&quot;:&quot;px&quot;,&quot;size&quot;:&quot;&quot;,&quot;sizes&quot;:[]}}\" data-widget_type=\"posts.cards_wex\">\n\t\t\t\t<div class=\"elementor-widget-container\">\n\t\t\t\t\t\t\t<div class=\"elementor-posts-container elementor-posts elementor-posts--skin-cards elementor-grid\" role=\"list\">\n\t\t\t\t<article class=\"elementor-post elementor-grid-item post-46708 post type-post status-publish format-standard has-post-thumbnail hentry category-ekonomi category-foretagande category-tips\" role=\"listitem\">\n\t\t\t<div class=\"elementor-post__card\">\n\t\t        <a class=\"elementor-post__thumbnail__link\" href=\"https:\/\/www.ekonomiforetag.se\/sv\/2026\/02\/26\/sveriges-tillvaxt-kraver-mer-an-ai-chattar\/\">\n            <div class=\"elementor-post__thumbnail\"><img decoding=\"async\" width=\"300\" height=\"157\" src=\"https:\/\/easyfairsassets.com\/sites\/120\/2026\/02\/Lerry.ai-inlagg-contentmejl-300x157.png\" class=\"attachment-medium size-medium wp-image-46657\" alt=\"Mikael Lindblom, vd, Lerry.ai\" srcset=\"https:\/\/easyfairsassets.com\/sites\/120\/2026\/02\/Lerry.ai-inlagg-contentmejl-300x157.png 300w, https:\/\/easyfairsassets.com\/sites\/120\/2026\/02\/Lerry.ai-inlagg-contentmejl-1024x536.png 1024w, https:\/\/easyfairsassets.com\/sites\/120\/2026\/02\/Lerry.ai-inlagg-contentmejl-768x402.png 768w, https:\/\/easyfairsassets.com\/sites\/120\/2026\/02\/Lerry.ai-inlagg-contentmejl.png 1200w\" sizes=\"(max-width: 300px) 100vw, 300px\" \/><\/div>\n        <\/a>\n        \t\t<div class=\"elementor-post__text\">\n\t\t\t\t<h3 class=\"elementor-post__title\">\n\t\t\t<a href=\"https:\/\/www.ekonomiforetag.se\/sv\/2026\/02\/26\/sveriges-tillvaxt-kraver-mer-an-ai-chattar\/\" >\n\t\t\t\tSveriges tillv\u00e4xt kr\u00e4ver mer \u00e4n AI-chattar\t\t\t<\/a>\n\t\t<\/h3>\n\t\t        <a href=\"https:\/\/www.ekonomiforetag.se\/sv\/2026\/02\/26\/sveriges-tillvaxt-kraver-mer-an-ai-chattar\/\" class=\"elementor-post__excerpt\">\n            <p>AI-utvecklingen g\u00e5r snabbare \u00e4n n\u00e5gon kunde f\u00f6rutse. Det som f\u00f6r bara n\u00e5gra m\u00e5nader sedan upplevdes som tekniskt om\u00f6jligt \u00e4r idag fullt genomf\u00f6rbart.<\/p>\n        <\/a>\n        \n\t\t<a class=\"elementor-post__read-more\" href=\"https:\/\/www.ekonomiforetag.se\/sv\/2026\/02\/26\/sveriges-tillvaxt-kraver-mer-an-ai-chattar\/\" aria-label=\"Read more about Sveriges tillv\u00e4xt kr\u00e4ver mer \u00e4n AI-chattar\" tabindex=\"-1\" >\n\t\t\tL\u00e4s mer \u00bb\t\t<\/a>\n\n\t\t        <div class=\"elementor-post__meta-data\">\n            \t\t<span class=\"elementor-post-date\">\n\t\t\tfebruari 26, 2026\t\t<\/span>\n\t\t\t\t<span class=\"elementor-post-avatar\">\n\t\t\tInga kommentarer\t\t<\/span>\n\t\t        <\/div>\n        \t\t<\/div>\n\t\t\t\t\t<\/div>\n\t\t<\/article>\n\t\t\t\t<article class=\"elementor-post elementor-grid-item post-18046 post type-post status-publish format-standard has-post-thumbnail hentry category-ekonomi category-foretagande category-tips\" role=\"listitem\">\n\t\t\t<div class=\"elementor-post__card\">\n\t\t        <a class=\"elementor-post__thumbnail__link\" href=\"https:\/\/www.ekonomiforetag.se\/sv\/2022\/12\/01\/radgivning-sa-har-kommer-din-byra-igang-sammanfattning-av-scensamtalet\/\">\n            <div class=\"elementor-post__thumbnail\"><img loading=\"lazy\" decoding=\"async\" width=\"300\" height=\"200\" src=\"https:\/\/easyfairsassets.com\/sites\/120\/2022\/11\/Easyfairs-204-300x200.jpg\" class=\"attachment-medium size-medium wp-image-18047\" alt=\"Fyra personer p\u00e5 scen p\u00e5 m\u00e4ssan\" srcset=\"https:\/\/easyfairsassets.com\/sites\/120\/2022\/11\/Easyfairs-204-300x200.jpg 300w, https:\/\/easyfairsassets.com\/sites\/120\/2022\/11\/Easyfairs-204-1024x683.jpg 1024w, https:\/\/easyfairsassets.com\/sites\/120\/2022\/11\/Easyfairs-204-768x512.jpg 768w, https:\/\/easyfairsassets.com\/sites\/120\/2022\/11\/Easyfairs-204-1536x1024.jpg 1536w, https:\/\/easyfairsassets.com\/sites\/120\/2022\/11\/Easyfairs-204.jpg 1920w\" sizes=\"(max-width: 300px) 100vw, 300px\" \/><\/div>\n        <\/a>\n        \t\t<div class=\"elementor-post__text\">\n\t\t\t\t<h3 class=\"elementor-post__title\">\n\t\t\t<a href=\"https:\/\/www.ekonomiforetag.se\/sv\/2022\/12\/01\/radgivning-sa-har-kommer-din-byra-igang-sammanfattning-av-scensamtalet\/\" >\n\t\t\t\t&#8221;R\u00e5dgivning &#8211; s\u00e5 h\u00e4r kommer din byr\u00e5 ig\u00e5ng&#8221; &#8211; Sammanfattning av scensamtalet\t\t\t<\/a>\n\t\t<\/h3>\n\t\t        <a href=\"https:\/\/www.ekonomiforetag.se\/sv\/2022\/12\/01\/radgivning-sa-har-kommer-din-byra-igang-sammanfattning-av-scensamtalet\/\" class=\"elementor-post__excerpt\">\n            <p>Under Ekonomi &amp; F\u00f6retag h\u00f6lls panelsamtalet \u201dR\u00e5dgivning \u2013 s\u00e5 h\u00e4r kommer din byr\u00e5 ig\u00e5ng\u201d. R\u00e5dgivning \u00e4r en v\u00e4xande trend i branschen och n\u00e5got som fler b\u00f6r implementera f\u00f6r att h\u00e5lla sig konkurrenskraftiga.<\/p>\n        <\/a>\n        \n\t\t<a class=\"elementor-post__read-more\" href=\"https:\/\/www.ekonomiforetag.se\/sv\/2022\/12\/01\/radgivning-sa-har-kommer-din-byra-igang-sammanfattning-av-scensamtalet\/\" aria-label=\"Read more about &#8221;R\u00e5dgivning &#8211; s\u00e5 h\u00e4r kommer din byr\u00e5 ig\u00e5ng&#8221; &#8211; Sammanfattning av scensamtalet\" tabindex=\"-1\" >\n\t\t\tL\u00e4s mer \u00bb\t\t<\/a>\n\n\t\t        <div class=\"elementor-post__meta-data\">\n            \t\t<span class=\"elementor-post-date\">\n\t\t\tdecember 1, 2022\t\t<\/span>\n\t\t\t\t<span class=\"elementor-post-avatar\">\n\t\t\tInga kommentarer\t\t<\/span>\n\t\t        <\/div>\n        \t\t<\/div>\n\t\t\t\t\t<\/div>\n\t\t<\/article>\n\t\t\t\t<article class=\"elementor-post elementor-grid-item post-33665 post type-post status-publish format-standard has-post-thumbnail hentry category-ekonomi category-foretagande category-tips\" role=\"listitem\">\n\t\t\t<div class=\"elementor-post__card\">\n\t\t        <a class=\"elementor-post__thumbnail__link\" href=\"https:\/\/www.ekonomiforetag.se\/sv\/2024\/06\/18\/redovisningskonsulten-som-brottsbekampare-hur-skapar-vi-ratt-forutsattningar\/\">\n            <div class=\"elementor-post__thumbnail\"><img loading=\"lazy\" decoding=\"async\" width=\"300\" height=\"157\" src=\"https:\/\/easyfairsassets.com\/sites\/120\/2024\/06\/VIEW-Group-300x157.jpg\" class=\"attachment-medium size-medium wp-image-33668\" alt=\"VIEW Group\" srcset=\"https:\/\/easyfairsassets.com\/sites\/120\/2024\/06\/VIEW-Group-300x157.jpg 300w, https:\/\/easyfairsassets.com\/sites\/120\/2024\/06\/VIEW-Group-1024x535.jpg 1024w, https:\/\/easyfairsassets.com\/sites\/120\/2024\/06\/VIEW-Group-768x401.jpg 768w, https:\/\/easyfairsassets.com\/sites\/120\/2024\/06\/VIEW-Group.jpg 1200w\" sizes=\"(max-width: 300px) 100vw, 300px\" \/><\/div>\n        <\/a>\n        \t\t<div class=\"elementor-post__text\">\n\t\t\t\t<h3 class=\"elementor-post__title\">\n\t\t\t<a href=\"https:\/\/www.ekonomiforetag.se\/sv\/2024\/06\/18\/redovisningskonsulten-som-brottsbekampare-hur-skapar-vi-ratt-forutsattningar\/\" >\n\t\t\t\tRedovisningskonsulten som brottsbek\u00e4mpare \u2013 hur skapar vi r\u00e4tt f\u00f6ruts\u00e4ttningar?\t\t\t<\/a>\n\t\t<\/h3>\n\t\t        <a href=\"https:\/\/www.ekonomiforetag.se\/sv\/2024\/06\/18\/redovisningskonsulten-som-brottsbekampare-hur-skapar-vi-ratt-forutsattningar\/\" class=\"elementor-post__excerpt\">\n            <p>Att bek\u00e4mpa ekonomisk brottslighet st\u00e5r h\u00f6gt upp p\u00e5 den politiska agendan. N\u00e4r den blir mer sofistikerad f\u00e5r redovisningskonsulten en allt viktigare roll f\u00f6r att b\u00e5de f\u00f6rebygga och agera.<\/p>\n        <\/a>\n        \n\t\t<a class=\"elementor-post__read-more\" href=\"https:\/\/www.ekonomiforetag.se\/sv\/2024\/06\/18\/redovisningskonsulten-som-brottsbekampare-hur-skapar-vi-ratt-forutsattningar\/\" aria-label=\"Read more about Redovisningskonsulten som brottsbek\u00e4mpare \u2013 hur skapar vi r\u00e4tt f\u00f6ruts\u00e4ttningar?\" tabindex=\"-1\" >\n\t\t\tL\u00e4s mer \u00bb\t\t<\/a>\n\n\t\t        <div class=\"elementor-post__meta-data\">\n            \t\t<span class=\"elementor-post-date\">\n\t\t\tjuni 18, 2024\t\t<\/span>\n\t\t\t\t<span class=\"elementor-post-avatar\">\n\t\t\tInga kommentarer\t\t<\/span>\n\t\t        <\/div>\n        \t\t<\/div>\n\t\t\t\t\t<\/div>\n\t\t<\/article>\n\t\t\t\t<\/div>\n\t\t\n\t\t\t\t\t\t<\/div>\n\t\t\t\t<\/div>\n\t\t\t\t<div class=\"elementor-element elementor-element-b76ce26 elementor-widget elementor-widget-spacer\" data-id=\"b76ce26\" data-element_type=\"widget\" data-widget_type=\"spacer.default\">\n\t\t\t\t<div class=\"elementor-widget-container\">\n\t\t\t\t\t\t\t<div class=\"elementor-spacer\">\n\t\t\t<div class=\"elementor-spacer-inner\"><\/div>\n\t\t<\/div>\n\t\t\t\t\t\t<\/div>\n\t\t\t\t<\/div>\n\t\t\t\t\t<\/div>\n\t\t<\/div>\n\t\t\t\t\t<\/div>\n\t\t<\/section>\n\t\t\t\t<section class=\"elementor-section elementor-top-section elementor-element elementor-element-12b9d242 elementor-section-boxed elementor-section-height-default elementor-section-height-default\" data-id=\"12b9d242\" data-element_type=\"section\">\n\t\t\t\t\t\t<div class=\"elementor-container elementor-column-gap-default\">\n\t\t\t\t\t<div class=\"elementor-column elementor-col-100 elementor-top-column elementor-element elementor-element-2dc37f11\" data-id=\"2dc37f11\" data-element_type=\"column\">\n\t\t\t<div class=\"elementor-widget-wrap elementor-element-populated\">\n\t\t\t\t\t\t<div class=\"elementor-element elementor-element-5f178296 elementor-widget elementor-widget-spacer\" data-id=\"5f178296\" data-element_type=\"widget\" data-widget_type=\"spacer.default\">\n\t\t\t\t<div class=\"elementor-widget-container\">\n\t\t\t\t\t\t\t<div class=\"elementor-spacer\">\n\t\t\t<div class=\"elementor-spacer-inner\"><\/div>\n\t\t<\/div>\n\t\t\t\t\t\t<\/div>\n\t\t\t\t<\/div>\n\t\t\t\t\t<\/div>\n\t\t<\/div>\n\t\t\t\t\t<\/div>\n\t\t<\/section>\n\t\t\t\t<\/div>\n\t\t","protected":false},"excerpt":{"rendered":"<p>Globalisering och digitaliseringen har haft en enorm p\u00e5verkan p\u00e5 hur arbetsmarknaden ser ut idag. Med nya teknologier har det st\u00e4llt h\u00f6gre krav p\u00e5 f\u00f6retag att anpassa sig till en mer digitaliserad v\u00e4rld.<\/p>\n","protected":false},"author":311,"featured_media":19147,"comment_status":"closed","ping_status":"closed","sticky":false,"template":"elementor_header_footer","format":"standard","meta":{"_seopress_robots_primary_cat":"none","_seopress_titles_title":"","_seopress_titles_desc":"","_seopress_robots_index":"","footnotes":""},"categories":[270,312,271],"tags":[],"edition":[],"class_list":["post-19146","post","type-post","status-publish","format-standard","has-post-thumbnail","hentry","category-ekonomi","category-foretagande","category-tips"],"_links":{"self":[{"href":"https:\/\/www.ekonomiforetag.se\/sv\/wp-json\/wp\/v2\/posts\/19146","targetHints":{"allow":["GET"]}}],"collection":[{"href":"https:\/\/www.ekonomiforetag.se\/sv\/wp-json\/wp\/v2\/posts"}],"about":[{"href":"https:\/\/www.ekonomiforetag.se\/sv\/wp-json\/wp\/v2\/types\/post"}],"author":[{"embeddable":true,"href":"https:\/\/www.ekonomiforetag.se\/sv\/wp-json\/wp\/v2\/users\/311"}],"replies":[{"embeddable":true,"href":"https:\/\/www.ekonomiforetag.se\/sv\/wp-json\/wp\/v2\/comments?post=19146"}],"version-history":[{"count":5,"href":"https:\/\/www.ekonomiforetag.se\/sv\/wp-json\/wp\/v2\/posts\/19146\/revisions"}],"predecessor-version":[{"id":31889,"href":"https:\/\/www.ekonomiforetag.se\/sv\/wp-json\/wp\/v2\/posts\/19146\/revisions\/31889"}],"wp:featuredmedia":[{"embeddable":true,"href":"https:\/\/www.ekonomiforetag.se\/sv\/wp-json\/wp\/v2\/media\/19147"}],"wp:attachment":[{"href":"https:\/\/www.ekonomiforetag.se\/sv\/wp-json\/wp\/v2\/media?parent=19146"}],"wp:term":[{"taxonomy":"category","embeddable":true,"href":"https:\/\/www.ekonomiforetag.se\/sv\/wp-json\/wp\/v2\/categories?post=19146"},{"taxonomy":"post_tag","embeddable":true,"href":"https:\/\/www.ekonomiforetag.se\/sv\/wp-json\/wp\/v2\/tags?post=19146"},{"taxonomy":"edition","embeddable":true,"href":"https:\/\/www.ekonomiforetag.se\/sv\/wp-json\/wp\/v2\/edition?post=19146"}],"curies":[{"name":"wp","href":"https:\/\/api.w.org\/{rel}","templated":true}]}}